{"id":10148,"date":"2023-02-18T09:52:00","date_gmt":"2023-02-18T08:52:00","guid":{"rendered":"https:\/\/sprintax.de\/wordpress\/?p=10148"},"modified":"2023-03-28T13:52:19","modified_gmt":"2023-03-28T11:52:19","slug":"jahreshauptversammlung-2023","status":"publish","type":"post","link":"https:\/\/sprintax.de\/wordpress\/2023\/02\/18\/jahreshauptversammlung-2023\/","title":{"rendered":"Jahreshauptversammlung 2023"},"content":{"rendered":"\n<p>Am Montag dem 6. Februar wurde die diesj\u00e4hrige Jahreshauptversammlung in der Neuen Schmiede in Bethel abgehalten.<\/p>\n\n\n\n<!--more-->\n\n\n\n<figure class=\"wp-block-image size-large\"><img loading=\"lazy\" decoding=\"async\" width=\"1024\" height=\"768\" src=\"https:\/\/sprintax.de\/wordpress\/wp-content\/uploads\/2023\/02\/3787C5DA-302C-4256-87EC-293FB8574752-1024x768.jpeg\" alt=\"\" class=\"wp-image-10151\" srcset=\"https:\/\/sprintax.de\/wordpress\/wp-content\/uploads\/2023\/02\/3787C5DA-302C-4256-87EC-293FB8574752-1024x768.jpeg 1024w, https:\/\/sprintax.de\/wordpress\/wp-content\/uploads\/2023\/02\/3787C5DA-302C-4256-87EC-293FB8574752-300x225.jpeg 300w, https:\/\/sprintax.de\/wordpress\/wp-content\/uploads\/2023\/02\/3787C5DA-302C-4256-87EC-293FB8574752-768x576.jpeg 768w, https:\/\/sprintax.de\/wordpress\/wp-content\/uploads\/2023\/02\/3787C5DA-302C-4256-87EC-293FB8574752-1536x1152.jpeg 1536w, https:\/\/sprintax.de\/wordpress\/wp-content\/uploads\/2023\/02\/3787C5DA-302C-4256-87EC-293FB8574752.jpeg 2000w\" sizes=\"auto, (max-width: 1024px) 100vw, 1024px\" \/><figcaption class=\"wp-element-caption\">Helmut wird nach 15 Jahren aktiver Vereinsmitgliedschaft geehrt.<\/figcaption><\/figure>\n\n\n\n<p>Zum Aufw\u00e4rmen gab es dieses Jahr f\u00fcr Interessierte einen Vortrag. Zu Beginn der Saison denkt der ein oder andere \u00fcber die Teilnahme an einem Radmarathon nach oder ist vielleicht auch schon beim \u00d6tztaler Radmarathon und \u00e4hnlichen Rennen in der Teilnehmerliste eingetragen. Aber wie geht man das Training und die allgemeine Vorbereitung f\u00fcr ein solches Vorhaben an? Diesem Thema widmete sich Werner als wettkampferfahrener Sportler und pr\u00e4gte dabei die Devise &#8222;Schnelles schnell und Langsames langsam&#8220; und verdeutlichte, wie eine Periodisierung und Polarisierung des Trainings erfolgen k\u00f6nnte. Vielen Dank an Werner f\u00fcr den anschaulichen und interessanten Beitrag.<\/p>\n\n\n\n<p>Nach einer guten Stunde \u00f6ffneten sich nochmals die T\u00fcren und die Nachz\u00fcgler trafen zur eigentlichen Versammlung ein. Neben der Entwicklung der Mitgliederstruktur wurde vom Vorstand die Wertungskarte angesprochen. Seit diesem Jahr spricht man hier von einer &#8222;Breitensportlizenz&#8220; und die vom BDR avisierte Digitalisierung ist zum Saisonstart nur begrenzt umgesetzt worden. Was es damit auf sich hat und vor welchen Herausforderungen das Projekt noch steht, ist unter folgendem Link nachzulesen:<\/p>\n\n\n\n<figure class=\"wp-block-embed is-type-wp-embed is-provider-rsv-nrw wp-block-embed-rsv-nrw\"><div class=\"wp-block-embed__wrapper\">\n<blockquote class=\"wp-embedded-content\" data-secret=\"eHuLjSLJCl\"><a href=\"https:\/\/radsportverband-nrw.de\/bdr-app-aktuelle-informationen\/\">BDR APP &#8211; aktuelle Informationen<\/a><\/blockquote><iframe loading=\"lazy\" class=\"wp-embedded-content\" sandbox=\"allow-scripts\" security=\"restricted\" style=\"position: absolute; clip: rect(1px, 1px, 1px, 1px);\" title=\"&#8222;BDR APP &#8211; aktuelle Informationen&#8220; &#8212; RSV NRW\" src=\"https:\/\/radsportverband-nrw.de\/bdr-app-aktuelle-informationen\/embed\/#?secret=vXvuAw02MT#?secret=eHuLjSLJCl\" data-secret=\"eHuLjSLJCl\" width=\"600\" height=\"338\" frameborder=\"0\" marginwidth=\"0\" marginheight=\"0\" scrolling=\"no\"><\/iframe>\n<\/div><\/figure>\n\n\n\n<p><\/p>\n\n\n\n<p>Weiterhin wird auf das vergangene (Sport-)Jahr zur\u00fcckgeblickt. Manuela l\u00e4sst nochmal unsere RTF Revue passieren und Joachim stellt die sportlichen H\u00f6hepunkte des Jahres dar: Tour d&#8217;Energie, Lizenzrennen, Vereinsmeisterschaft, Rothaus Riderman &#8230;. <\/p>\n\n\n\n<p>Besonders hervorzuheben sind die Leistungen der RTF-Fahrer*innen dieses Jahr: Der RC Sprintax konnte im vergangenen Jahr den zweiten Platz in der Wertung &#8222;Radsport Bezirk OWL&#8220; erreichen. Kai-Uwe erreichte dabei in der Einzelwertung bei den M\u00e4nnern Platz 1 und Manuela bei den Frauen Platz 2.<\/p>\n\n\n\n<p>Nach 15 Jahren aktiver Vereinsarbeit gibt Helmut nun auch sein letztes Amt ab. Bis Ende des letzten Jahres hat sich Helmut mit Leib und Seele um den Einkauf und die Distribution der Vereinskleidung gek\u00fcmmert. Als Anerkennung f\u00fcr seinen langj\u00e4hrigen Einsatz im Verein als Vorstandsmitglied und auch als Kleidungswart ist ihm nun die Ehrenmitgliedschaft verliehen worden.<\/p>\n\n\n\n<p>Die Aufgabe des Kleidungswartes \u00fcbernehmen ab jetzt Kathleen und Alexander. Hier k\u00f6nnen wir uns auf neue Designs und ein ver\u00e4ndertes Bestellwesen freuen.<\/p>\n\n\n\n<p>Mit der Zeitumstellung werden wir Ende M\u00e4rz wieder mit den abendlichen Trainingstreffs beginnen. Es wird wie gehabt an zwei Tagen (Dienstag und Donnerstag) ein Training angeboten. Zentral steht dieses Jahr der Dienstag. Dort werden drei Treffs angeboten, die allesamt an der Radrennbahn um 18 Uhr starten:<\/p>\n\n\n\n<ol class=\"wp-block-list\">\n<li><strong>Cappuccino<\/strong> (23er &#8211; 26er Schnitt \/ auch gut geeignet f\u00fcr Einsteiger und erstes Fahren in der Gruppe)<\/li>\n\n\n\n<li><strong>Sportivo<\/strong> (26er &#8211; 29er Schnitt)<\/li>\n\n\n\n<li><strong>Rennrunde<\/strong> (30er &#8211; \u221eer Schnitt)<\/li>\n<\/ol>\n\n\n\n<p>Das Format der Rennrunde wird grunds\u00e4tzlich wie gehabt ablaufen. Kleine Anpassungen sind noch in der Planung und werden in den n\u00e4chsten Wochen separat bekannt gegeben.<\/p>\n\n\n\n<p>Am Donnerstag ist der Treffpunkt beim Fahrradladen Kalk\u00fchler an der Beckhausstra\u00dfe 172 und beginnt ebenfalls um 18 Uhr. Dieser Trainingstreff ist vom Format etwas offener gehalten &#8211; die Strecke und das Tempo werden meist je nach Gruppenzusammensetzung vor Ort gew\u00e4hlt.<\/p>\n\n\n\n<p>Nach anderthalb Stunden lehrreicher Informationen und guten Diskussionen ist die Versammlung beendet und klingt bei kleinen Gespr\u00e4chen und Kaltgetr\u00e4nken aus.<\/p>\n","protected":false},"excerpt":{"rendered":"<p>Am Montag dem 6. Februar wurde die diesj\u00e4hrige Jahreshauptversammlung in der Neuen Schmiede in Bethel abgehalten.<\/p>\n","protected":false},"author":3,"featured_media":10151,"comment_status":"closed","ping_status":"closed","sticky":false,"template":"","format":"standard","meta":{"neve_meta_sidebar":"","neve_meta_container":"","neve_meta_enable_content_width":"","neve_meta_content_width":0,"neve_meta_title_alignment":"","neve_meta_author_avatar":"off","neve_post_elements_order":"[\"title\",\"meta\",\"content\",\"tags\"]","neve_meta_disable_header":"","neve_meta_disable_footer":"","neve_meta_disable_title":"","footnotes":""},"categories":[1],"tags":[584,570,580],"class_list":["post-10148","post","type-post","status-publish","format-standard","has-post-thumbnail","hentry","category-allgemein","tag-jahreshauptversammlung","tag-rtf","tag-training"],"_links":{"self":[{"href":"https:\/\/sprintax.de\/wordpress\/wp-json\/wp\/v2\/posts\/10148","targetHints":{"allow":["GET"]}}],"collection":[{"href":"https:\/\/sprintax.de\/wordpress\/wp-json\/wp\/v2\/posts"}],"about":[{"href":"https:\/\/sprintax.de\/wordpress\/wp-json\/wp\/v2\/types\/post"}],"author":[{"embeddable":true,"href":"https:\/\/sprintax.de\/wordpress\/wp-json\/wp\/v2\/users\/3"}],"replies":[{"embeddable":true,"href":"https:\/\/sprintax.de\/wordpress\/wp-json\/wp\/v2\/comments?post=10148"}],"version-history":[{"count":7,"href":"https:\/\/sprintax.de\/wordpress\/wp-json\/wp\/v2\/posts\/10148\/revisions"}],"predecessor-version":[{"id":12771,"href":"https:\/\/sprintax.de\/wordpress\/wp-json\/wp\/v2\/posts\/10148\/revisions\/12771"}],"wp:featuredmedia":[{"embeddable":true,"href":"https:\/\/sprintax.de\/wordpress\/wp-json\/wp\/v2\/media\/10151"}],"wp:attachment":[{"href":"https:\/\/sprintax.de\/wordpress\/wp-json\/wp\/v2\/media?parent=10148"}],"wp:term":[{"taxonomy":"category","embeddable":true,"href":"https:\/\/sprintax.de\/wordpress\/wp-json\/wp\/v2\/categories?post=10148"},{"taxonomy":"post_tag","embeddable":true,"href":"https:\/\/sprintax.de\/wordpress\/wp-json\/wp\/v2\/tags?post=10148"}],"curies":[{"name":"wp","href":"https:\/\/api.w.org\/{rel}","templated":true}]}}