{"id":10183,"date":"2023-06-20T09:38:25","date_gmt":"2023-06-20T07:38:25","guid":{"rendered":"https:\/\/sprintax.de\/wordpress\/?p=10183"},"modified":"2023-06-20T09:38:35","modified_gmt":"2023-06-20T07:38:35","slug":"sprintax-punkterennen","status":"publish","type":"post","link":"https:\/\/sprintax.de\/wordpress\/2023\/06\/20\/sprintax-punkterennen\/","title":{"rendered":"Sprintax-Punkterennen"},"content":{"rendered":"\n<p>Das Punkterennen im Juni findet am Samstag, den 24.06. statt. Treffpunkt ist um 11 Uhr am Siggi.<\/p>\n\n\n\n<p>Sechs Entscheidungen, die alles vom kurzen Sprint bis zum Anstieg abdecken und voll ausgefahren werden. Dazwischen bleibt die Gruppe zusammen, um allen eine gute Gruppenfahrt zu erm\u00f6glichen. Hier findet ihr alles zum Sprintax-Punkterennen:<\/p>\n\n\n\n<!--more-->\n\n\n\n<h5 class=\"wp-block-heading\">UPDATE aus dem Mai:<\/h5>\n\n\n\n<p>Chasing Niklas &#8211; Aus der Gruppe, am Berg oder Solo, einer war beim Punktefahren im Mai nicht zu schlagen: F\u00fcnf von sechs Entscheidungen gehen an Niklas!<br>Im Juni geht&#8217;s weiter &amp; wir beantworten die Frage: Wer kann dieses Hinterrad halten?<\/p>\n\n\n\n<figure class=\"wp-block-image size-large is-resized\"><img loading=\"lazy\" decoding=\"async\" src=\"https:\/\/sprintax.de\/wordpress\/wp-content\/uploads\/2023\/05\/sprintax-576x1024.jpg\" alt=\"\" class=\"wp-image-10517\" width=\"432\" height=\"768\" srcset=\"https:\/\/sprintax.de\/wordpress\/wp-content\/uploads\/2023\/05\/sprintax-576x1024.jpg 576w, https:\/\/sprintax.de\/wordpress\/wp-content\/uploads\/2023\/05\/sprintax-169x300.jpg 169w, https:\/\/sprintax.de\/wordpress\/wp-content\/uploads\/2023\/05\/sprintax-768x1365.jpg 768w, https:\/\/sprintax.de\/wordpress\/wp-content\/uploads\/2023\/05\/sprintax-864x1536.jpg 864w, https:\/\/sprintax.de\/wordpress\/wp-content\/uploads\/2023\/05\/sprintax.jpg 1134w\" sizes=\"auto, (max-width: 432px) 100vw, 432px\" \/><\/figure>\n\n\n\n<p>Das <strong>n\u00e4chste Punkterennen<\/strong> ist f\u00fcr den 24.\/25. Juni geplant. Der genaue Termin wird im Klubraum vorher mitgeteilt. Grunds\u00e4tzlich soll ein &#8222;Rennen&#8220; pro Monat stattfinden. Sei dabei!<\/p>\n\n\n\n<p>F\u00fcr alle die nicht dabei waren, hier nochmal das <strong>Reglement <\/strong>im \u00dcberblick.<\/p>\n\n\n\n<p>Ausgefahren werden folgende Entscheidungen: <br>1. ca km 16 Mantershagen Ortsschild (wellig),<br>2. ca km 21 Hoyel Orstsschild (bergauf),<br>3. ca km 41 Wellingholzhausen Ortsschild (flach),<br>4. ca km 47 Rechenbergstra\u00dfe 30 km\/h Schild nach Kuppe (Anstieg),<br>5. ca km 67 Neuenkirchen Ortsschild (flach),<br>6. ca km 71 Bard\u00fcttingdorf Ortsschild (bergauf).<\/p>\n\n\n\n<p>Punktesystem:<br>Platz 1: 3 Punkte, Platz 2: 2 Punkte, Platz 3: 1 Punkt.<\/p>\n\n\n\n<p>Auf unserem <a rel=\"noreferrer noopener\" href=\"https:\/\/www.komoot.de\/user\/rcsprintax\" target=\"_blank\">Komoot-Account <\/a>findet ihr die feste Strecke, die Regeln sind dort auch nochmal im Kommentar erw\u00e4hnt:<\/p>\n\n\n\n<iframe loading=\"lazy\" src=\"https:\/\/www.komoot.de\/tour\/1040805502\/embed?profile=1\" width=\"100%\" height=\"700\" frameborder=\"0\" scrolling=\"no\"><\/iframe>\n\n\n\n<h5 class=\"wp-block-heading\">Bericht des ersten Punkterennens vom 25. Februar 2023:<\/h5>\n\n\n<div class=\"wp-block-image\">\n<figure class=\"aligncenter size-large is-resized\"><img loading=\"lazy\" decoding=\"async\" src=\"https:\/\/sprintax.de\/wordpress\/wp-content\/uploads\/2023\/02\/WhatsApp-Image-2023-02-27-at-12.56.23-768x1024.jpeg\" alt=\"\" class=\"wp-image-10184\" width=\"343\" height=\"457\" srcset=\"https:\/\/sprintax.de\/wordpress\/wp-content\/uploads\/2023\/02\/WhatsApp-Image-2023-02-27-at-12.56.23-768x1024.jpeg 768w, https:\/\/sprintax.de\/wordpress\/wp-content\/uploads\/2023\/02\/WhatsApp-Image-2023-02-27-at-12.56.23-225x300.jpeg 225w, https:\/\/sprintax.de\/wordpress\/wp-content\/uploads\/2023\/02\/WhatsApp-Image-2023-02-27-at-12.56.23-1152x1536.jpeg 1152w, https:\/\/sprintax.de\/wordpress\/wp-content\/uploads\/2023\/02\/WhatsApp-Image-2023-02-27-at-12.56.23.jpeg 1536w\" sizes=\"auto, (max-width: 343px) 100vw, 343px\" \/><figcaption class=\"wp-element-caption\"><strong>Winter miles &#8211; summer smiles!<\/strong><\/figcaption><\/figure>\n<\/div>\n\n\n<p>Um sich bei 1 Grad Au\u00dfentemperatur zu einer harten Trainingseinheit zu motivieren, braucht es manchmal etwas Kreativit\u00e4t. Und die hatte Gunnar, der sich ein neues Format \u00fcberlegt hat, um an der richtigen Rennh\u00e4rte zu feilen.<\/p>\n\n\n\n<p>Am Sonntag, den 25.2., haben sich daher viele Sprintax-Fahrer und einige G\u00e4ste zu einer sportlichen Runde mit Sprintentscheidungen ins sonnige Ravensberger H\u00fcgelland aufgemacht. Sowohl im flachen Sprint als auch im langen Anstieg wurden die Entscheidungen voll ausgefahren. Danach wurde auf jede*n gewartet, sodass die Gruppe trotz unterschiedlicher Leistungsklassen au\u00dferhalb der freigegebenen Abschnitte immer zusammenblieb. <br>Alle, die gestern den K\u00fcrzeren gezogen haben, brennen auf Revanche im Sprintax-Punkterennen! <\/p>\n\n\n\n<p><\/p>\n\n\n\n<p><\/p>\n","protected":false},"excerpt":{"rendered":"<p>Das Punkterennen im Juni findet am Samstag, den 24.06. statt. Treffpunkt ist um 11 Uhr am Siggi. Sechs Entscheidungen, die alles vom kurzen Sprint bis zum Anstieg abdecken und voll ausgefahren werden. Dazwischen bleibt die Gruppe zusammen, um allen eine gute Gruppenfahrt zu erm\u00f6glichen. Hier findet ihr alles zum Sprintax-Punkterennen:<\/p>\n","protected":false},"author":4,"featured_media":10184,"comment_status":"closed","ping_status":"closed","sticky":false,"template":"","format":"standard","meta":{"neve_meta_sidebar":"","neve_meta_container":"","neve_meta_enable_content_width":"","neve_meta_content_width":0,"neve_meta_title_alignment":"","neve_meta_author_avatar":"","neve_post_elements_order":"","neve_meta_disable_header":"","neve_meta_disable_footer":"","neve_meta_disable_title":"","footnotes":""},"categories":[1,585],"tags":[586,580],"class_list":["post-10183","post","type-post","status-publish","format-standard","has-post-thumbnail","hentry","category-allgemein","category-berichte-2023","tag-punkterennen","tag-training"],"_links":{"self":[{"href":"https:\/\/sprintax.de\/wordpress\/wp-json\/wp\/v2\/posts\/10183","targetHints":{"allow":["GET"]}}],"collection":[{"href":"https:\/\/sprintax.de\/wordpress\/wp-json\/wp\/v2\/posts"}],"about":[{"href":"https:\/\/sprintax.de\/wordpress\/wp-json\/wp\/v2\/types\/post"}],"author":[{"embeddable":true,"href":"https:\/\/sprintax.de\/wordpress\/wp-json\/wp\/v2\/users\/4"}],"replies":[{"embeddable":true,"href":"https:\/\/sprintax.de\/wordpress\/wp-json\/wp\/v2\/comments?post=10183"}],"version-history":[{"count":12,"href":"https:\/\/sprintax.de\/wordpress\/wp-json\/wp\/v2\/posts\/10183\/revisions"}],"predecessor-version":[{"id":10570,"href":"https:\/\/sprintax.de\/wordpress\/wp-json\/wp\/v2\/posts\/10183\/revisions\/10570"}],"wp:featuredmedia":[{"embeddable":true,"href":"https:\/\/sprintax.de\/wordpress\/wp-json\/wp\/v2\/media\/10184"}],"wp:attachment":[{"href":"https:\/\/sprintax.de\/wordpress\/wp-json\/wp\/v2\/media?parent=10183"}],"wp:term":[{"taxonomy":"category","embeddable":true,"href":"https:\/\/sprintax.de\/wordpress\/wp-json\/wp\/v2\/categories?post=10183"},{"taxonomy":"post_tag","embeddable":true,"href":"https:\/\/sprintax.de\/wordpress\/wp-json\/wp\/v2\/tags?post=10183"}],"curies":[{"name":"wp","href":"https:\/\/api.w.org\/{rel}","templated":true}]}}