{"id":10391,"date":"2023-05-02T20:57:01","date_gmt":"2023-05-02T18:57:01","guid":{"rendered":"https:\/\/sprintax.de\/wordpress\/?p=10391"},"modified":"2023-05-03T21:32:17","modified_gmt":"2023-05-03T19:32:17","slug":"raceday-23-04-23-rund-um-steinfurt-tour-denergie","status":"publish","type":"post","link":"https:\/\/sprintax.de\/wordpress\/2023\/05\/02\/raceday-23-04-23-rund-um-steinfurt-tour-denergie\/","title":{"rendered":"Raceday 23.04.23 \/\/ zwei Rennberichte"},"content":{"rendered":"\n<p>Am vorletzten Wochenende des Aprils waren gleich an zwei verschiedenen Startlinien Sprintaxer anzutreffen. Christian, Gunnar und Lars gingen in Burgsteinfurt bei &#8222;Rund um Steinfurt&#8220; an den Start. Etwas weiter s\u00fcdlich in G\u00f6ttingen gaben Felix S., Holger, Joachim S., Max W., Pascal und Anna bei der Tour d&#8217;Energie ihr Bestes.<\/p>\n\n\n\n<!--more-->\n\n\n\n<h3 class=\"wp-block-heading\">Rund um Steinfurt. Burgsteinfurt<\/h3>\n\n\n\n<div class=\"wp-block-columns is-layout-flex wp-container-core-columns-is-layout-9d6595d7 wp-block-columns-is-layout-flex\">\n<div class=\"wp-block-column is-layout-flow wp-block-column-is-layout-flow\" style=\"flex-basis:50%\">\n<figure class=\"wp-block-image size-large is-resized\"><img loading=\"lazy\" decoding=\"async\" src=\"https:\/\/sprintax.de\/wordpress\/wp-content\/uploads\/2023\/04\/IMG_0585-1-683x1024.jpeg\" alt=\"\" class=\"wp-image-10406\" width=\"313\" height=\"471\" srcset=\"https:\/\/sprintax.de\/wordpress\/wp-content\/uploads\/2023\/04\/IMG_0585-1-200x300.jpeg 200w, https:\/\/sprintax.de\/wordpress\/wp-content\/uploads\/2023\/04\/IMG_0585-1-768x1152.jpeg 768w, https:\/\/sprintax.de\/wordpress\/wp-content\/uploads\/2023\/04\/IMG_0585-1-1024x1536.jpeg 1024w, https:\/\/sprintax.de\/wordpress\/wp-content\/uploads\/2023\/04\/IMG_0585-1-1365x2048.jpeg 1365w\" sizes=\"auto, (max-width: 313px) 100vw, 313px\" \/><figcaption class=\"wp-element-caption\">\u00a9 Paul Bielefeld<\/figcaption><\/figure>\n<\/div>\n\n\n\n<div class=\"wp-block-column is-layout-flow wp-block-column-is-layout-flow\" style=\"flex-basis:60%\">\n<p>Bei dem Lizenzrennen &#8222;Rund um Steinfurt&#8220; gingen drei Sprintaxe an den Start. Beim Rennen der Senioren 2\/3\/4 (gemeinsame Wertung) war das Starterfeld mit 77 Fahrern nicht nur gro\u00df, sondern mit dem deutschen Meister Marek Bosniatzki (dem sp\u00e4teren Sieger) und insgesamt vier Fahrern aus den Top 10 der deutschen Masterrangliste sehr stark besetzt. <strong>Christian<\/strong> und <strong>Lars<\/strong> kamen im Sprint mit dem Hauptfeld ins Ziel und belegten Platz 18 und 22.&nbsp;<br><strong>Gunnar<\/strong> gab im schnellen Amateurrennen mit 75 Startern ein solides Saisondebut und kam in der zweiten Gruppe auf Platz 60 ins Ziel.<\/p>\n<\/div>\n<\/div>\n\n\n\n<hr class=\"wp-block-separator has-alpha-channel-opacity is-style-default\"\/>\n\n\n\n<p><\/p>\n\n\n\n<h3 class=\"wp-block-heading\">Tour d&#8217;Energie. G\u00f6ttingen<\/h3>\n\n\n\n<div class=\"wp-block-media-text alignwide has-media-on-the-right is-stacked-on-mobile\" style=\"grid-template-columns:auto 41%\"><div class=\"wp-block-media-text__content\">\n<p>Bei der Tour d\u2019Energie in G\u00f6ttingen starteten auf der 100km-Strecke insgesamt sechs Sprintaxe.<br><br>Anna und Max W. konnten aufgrund ihrer Vorjahresleistung aus Startblock A starten. Das Rennen begann im ersten Block stellenweise sehr nerv\u00f6s mit einigen pl\u00f6tzlichen Bremsman\u00f6vern. Das Rennen wurde von Team Strassacker dominiert und insgesamt sehr schnell gefahren. <br>Nachdem <strong>Max W.<\/strong> nach circa 30 km das Hauptfeld rei\u00dfen lassen musste, konnte er mit einer gr\u00f6\u00dferen Gruppe auf Platz 102 und Platz 45 in seiner Altersklasse ins Ziel fahren.<\/p>\n<\/div><figure class=\"wp-block-media-text__media\"><img loading=\"lazy\" decoding=\"async\" width=\"1024\" height=\"1024\" src=\"https:\/\/sprintax.de\/wordpress\/wp-content\/uploads\/2023\/04\/01FD44E1-B63B-460A-823A-BCC1EE2C8ABF-1024x1024.jpeg\" alt=\"\" class=\"wp-image-10398 size-full\" srcset=\"https:\/\/sprintax.de\/wordpress\/wp-content\/uploads\/2023\/04\/01FD44E1-B63B-460A-823A-BCC1EE2C8ABF-1024x1024.jpeg 1024w, https:\/\/sprintax.de\/wordpress\/wp-content\/uploads\/2023\/04\/01FD44E1-B63B-460A-823A-BCC1EE2C8ABF-300x300.jpeg 300w, https:\/\/sprintax.de\/wordpress\/wp-content\/uploads\/2023\/04\/01FD44E1-B63B-460A-823A-BCC1EE2C8ABF-150x150.jpeg 150w, https:\/\/sprintax.de\/wordpress\/wp-content\/uploads\/2023\/04\/01FD44E1-B63B-460A-823A-BCC1EE2C8ABF-768x768.jpeg 768w, https:\/\/sprintax.de\/wordpress\/wp-content\/uploads\/2023\/04\/01FD44E1-B63B-460A-823A-BCC1EE2C8ABF.jpeg 1440w\" sizes=\"auto, (max-width: 1024px) 100vw, 1024px\" \/><\/figure><\/div>\n\n\n\n<p><\/p>\n\n\n\n<div class=\"wp-block-media-text alignwide is-stacked-on-mobile is-vertically-aligned-center\" style=\"grid-template-columns:43% auto\"><figure class=\"wp-block-media-text__media\"><img loading=\"lazy\" decoding=\"async\" width=\"1024\" height=\"1024\" src=\"https:\/\/sprintax.de\/wordpress\/wp-content\/uploads\/2023\/04\/7283E42B-01FF-409A-A14B-F2E745636F28-1024x1024.jpeg\" alt=\"\" class=\"wp-image-10399 size-full\" srcset=\"https:\/\/sprintax.de\/wordpress\/wp-content\/uploads\/2023\/04\/7283E42B-01FF-409A-A14B-F2E745636F28-1024x1024.jpeg 1024w, https:\/\/sprintax.de\/wordpress\/wp-content\/uploads\/2023\/04\/7283E42B-01FF-409A-A14B-F2E745636F28-300x300.jpeg 300w, https:\/\/sprintax.de\/wordpress\/wp-content\/uploads\/2023\/04\/7283E42B-01FF-409A-A14B-F2E745636F28-150x150.jpeg 150w, https:\/\/sprintax.de\/wordpress\/wp-content\/uploads\/2023\/04\/7283E42B-01FF-409A-A14B-F2E745636F28-768x768.jpeg 768w, https:\/\/sprintax.de\/wordpress\/wp-content\/uploads\/2023\/04\/7283E42B-01FF-409A-A14B-F2E745636F28.jpeg 1440w\" sizes=\"auto, (max-width: 1024px) 100vw, 1024px\" \/><\/figure><div class=\"wp-block-media-text__content\">\n<p><strong>Anna<\/strong> fuhr ein starkes Rennen und konnte sich am Hohen Hagen noch von zwei Konkurrentinnen absetzen. Damit diese nicht wieder mit einer Gruppe an sie heranfuhren, beschloss sie f\u00fcr die letzten 30 km, sich mit zwei weiteren Fahrern zu dritt bis ins Ziel zu k\u00e4mpfen. Sie belegte Platz 5 bei den Frauen, Platz 2 in ihrer Altersklasse und Platz 3 in der Bergwertung.<br><br><strong>Joachim S.<\/strong> startete aus dem Startblock B und hatte es auf seine Vorjahreszeit abgesehen. Mit frischen Beinen ging er an den Start. Bereits am Hohen Hagen zeigte sich seine gute Form \u2013 die Bergwertung schloss er deutlich schneller als im Vorjahr ab.<\/p>\n<\/div><\/div>\n\n\n\n<p><\/p>\n\n\n\n<div class=\"wp-block-group alignwide is-content-justification-left is-nowrap is-layout-flex wp-container-core-group-is-layout-f56a869c wp-block-group-is-layout-flex\">\n<div class=\"wp-block-columns alignwide is-layout-flex wp-container-core-columns-is-layout-9d6595d7 wp-block-columns-is-layout-flex\">\n<div class=\"wp-block-column is-layout-flow wp-block-column-is-layout-flow\" style=\"flex-basis:71%\">\n<p>Auf den letzten 30 km gab er nochmal richtig Gas, sodass er am Ende seine Vorjahreszeit um 7 min unterbot und 10. in seiner Altersklasse wurde.<\/p>\n\n\n\n<p>F\u00fcr <strong>Holger<\/strong> stellte die TDE eines von zwei Testrennen zur Vorbereitung auf den Engadin Radmarathon in der Schweiz dar. Dementsprechend ging er unaufgeregt und mit dem Ziel, sicher und sturzfrei, aber dennoch auch z\u00fcgig die Runde zu meistern, auf die Strecke. Er startete aus dem drittletzten Block und arbeitete sich in der ersten H\u00e4lfte des Rennens kontinuierlich nach vorne. Es war ein Spiel zwischen Springen zur n\u00e4chsten Gruppe, kurzem Regenerieren im Windschatten und erneutem Vorarbeiten bis zur n\u00e4chsten Gruppe. Am Hohen Hagen hatte Holger dann eine passende Gruppe gefunden, mit der er z\u00fcgig bis ins Ziel rollte.<\/p>\n<\/div>\n\n\n\n<div class=\"wp-block-column is-layout-flow wp-block-column-is-layout-flow\" style=\"flex-basis:29%\">\n<figure class=\"wp-block-image size-large\"><img loading=\"lazy\" decoding=\"async\" width=\"682\" height=\"1024\" src=\"https:\/\/sprintax.de\/wordpress\/wp-content\/uploads\/2023\/04\/ed694737-2386-495b-8564-40cc467296c7-682x1024.jpeg\" alt=\"\" class=\"wp-image-10393\" srcset=\"https:\/\/sprintax.de\/wordpress\/wp-content\/uploads\/2023\/04\/ed694737-2386-495b-8564-40cc467296c7-682x1024.jpeg 682w, https:\/\/sprintax.de\/wordpress\/wp-content\/uploads\/2023\/04\/ed694737-2386-495b-8564-40cc467296c7-200x300.jpeg 200w, https:\/\/sprintax.de\/wordpress\/wp-content\/uploads\/2023\/04\/ed694737-2386-495b-8564-40cc467296c7-768x1153.jpeg 768w, https:\/\/sprintax.de\/wordpress\/wp-content\/uploads\/2023\/04\/ed694737-2386-495b-8564-40cc467296c7-1023x1536.jpeg 1023w, https:\/\/sprintax.de\/wordpress\/wp-content\/uploads\/2023\/04\/ed694737-2386-495b-8564-40cc467296c7.jpeg 1066w\" sizes=\"auto, (max-width: 682px) 100vw, 682px\" \/><\/figure>\n<\/div>\n<\/div>\n<\/div>\n\n\n\n<p><\/p>\n\n\n\n<div class=\"wp-block-media-text alignwide is-stacked-on-mobile\" style=\"grid-template-columns:47% auto\"><figure class=\"wp-block-media-text__media\"><img loading=\"lazy\" decoding=\"async\" width=\"1024\" height=\"1024\" src=\"https:\/\/sprintax.de\/wordpress\/wp-content\/uploads\/2023\/04\/FC02A692-A2E6-4906-BDAD-4AB3030D1097-1024x1024.jpeg\" alt=\"\" class=\"wp-image-10401 size-full\" srcset=\"https:\/\/sprintax.de\/wordpress\/wp-content\/uploads\/2023\/04\/FC02A692-A2E6-4906-BDAD-4AB3030D1097-1024x1024.jpeg 1024w, https:\/\/sprintax.de\/wordpress\/wp-content\/uploads\/2023\/04\/FC02A692-A2E6-4906-BDAD-4AB3030D1097-300x300.jpeg 300w, https:\/\/sprintax.de\/wordpress\/wp-content\/uploads\/2023\/04\/FC02A692-A2E6-4906-BDAD-4AB3030D1097-150x150.jpeg 150w, https:\/\/sprintax.de\/wordpress\/wp-content\/uploads\/2023\/04\/FC02A692-A2E6-4906-BDAD-4AB3030D1097-768x768.jpeg 768w, https:\/\/sprintax.de\/wordpress\/wp-content\/uploads\/2023\/04\/FC02A692-A2E6-4906-BDAD-4AB3030D1097.jpeg 1440w\" sizes=\"auto, (max-width: 1024px) 100vw, 1024px\" \/><\/figure><div class=\"wp-block-media-text__content\">\n<p>Mit einem 31er-Schnitt ist Holger angesichts des verregneten und relativ trainingsarmen Zwiftfr\u00fchjahrs zufrieden, sieht aber Potential, das im Laufe der weiteren Vorbereitung geweckt werden m\u00f6chte.<\/p>\n\n\n\n<p>Genau wie Joachim S. hatte auch <strong>Felix S.<\/strong> eine Bestzeit im Visier. Bis zum ersten Anstieg suchte er nach einer passenden Gruppe. Am Hohen Hagen attackierte auch er und fand sich dann f\u00fcr den letzten Abschnitt in einer 10-k\u00f6pfigen Gruppe wieder, mit der er gemeinsam mit einem 40er-Schnitt auf den letzten 25 km in Ziel fuhr. Er verbesserte sich im Vergleich zum Vorjahr um 9 min und war demnach sehr zufrieden mit seiner Leistung. Er belegte Platz 93 in seiner stark besetzten Altersklasse.<\/p>\n<\/div><\/div>\n\n\n\n<p><\/p>\n\n\n\n<div class=\"wp-block-media-text alignwide has-media-on-the-right is-stacked-on-mobile\"><div class=\"wp-block-media-text__content\">\n<p><strong>Pascal<\/strong>s Ziel des Tages war, die schweren Beine der letzten Wochen abzusch\u00fctteln, nicht zu st\u00fcrzen und unter drei Stunden ins Ziel zu kommen. Nach einer hektischen Anfangsphase und einem ruhigen Mittelteil wurde es nach dem langen Hagen nochmal hektisch. Nachdem er Felix am Berg ziehen lassen musste und die \u00fcbriggebliebenen schon schwere Beine hatte, dauerte es eine ganze Weile, bis Pascal mit einer kleinen Gruppe und seiner Wunschzeit ins Ziel kam.<\/p>\n\n\n\n<p>Alles in Allem eine sch\u00f6ne und gut organisierte Veranstaltung, die mit frischer Pasta und einem leckeren alkoholfreiem Einbecker ausklang.<\/p>\n<\/div><figure class=\"wp-block-media-text__media\"><img loading=\"lazy\" decoding=\"async\" width=\"1024\" height=\"1024\" src=\"https:\/\/sprintax.de\/wordpress\/wp-content\/uploads\/2023\/04\/9673_20230423_120050_274428683_original-1024x1024.jpeg\" alt=\"\" class=\"wp-image-10402 size-full\" srcset=\"https:\/\/sprintax.de\/wordpress\/wp-content\/uploads\/2023\/04\/9673_20230423_120050_274428683_original-1024x1024.jpeg 1024w, https:\/\/sprintax.de\/wordpress\/wp-content\/uploads\/2023\/04\/9673_20230423_120050_274428683_original-300x300.jpeg 300w, https:\/\/sprintax.de\/wordpress\/wp-content\/uploads\/2023\/04\/9673_20230423_120050_274428683_original-150x150.jpeg 150w, https:\/\/sprintax.de\/wordpress\/wp-content\/uploads\/2023\/04\/9673_20230423_120050_274428683_original-768x768.jpeg 768w, https:\/\/sprintax.de\/wordpress\/wp-content\/uploads\/2023\/04\/9673_20230423_120050_274428683_original-1536x1536.jpeg 1536w, https:\/\/sprintax.de\/wordpress\/wp-content\/uploads\/2023\/04\/9673_20230423_120050_274428683_original-2048x2048.jpeg 2048w\" sizes=\"auto, (max-width: 1024px) 100vw, 1024px\" \/><\/figure><\/div>\n\n\n\n<p><\/p>\n\n\n\n<figure class=\"wp-block-image size-large\"><img loading=\"lazy\" decoding=\"async\" width=\"1024\" height=\"768\" src=\"https:\/\/sprintax.de\/wordpress\/wp-content\/uploads\/2023\/04\/IMG_2639-1024x768.jpeg\" alt=\"\" class=\"wp-image-10396\" srcset=\"https:\/\/sprintax.de\/wordpress\/wp-content\/uploads\/2023\/04\/IMG_2639-1024x768.jpeg 1024w, https:\/\/sprintax.de\/wordpress\/wp-content\/uploads\/2023\/04\/IMG_2639-300x225.jpeg 300w, https:\/\/sprintax.de\/wordpress\/wp-content\/uploads\/2023\/04\/IMG_2639-768x576.jpeg 768w, https:\/\/sprintax.de\/wordpress\/wp-content\/uploads\/2023\/04\/IMG_2639-1536x1152.jpeg 1536w, https:\/\/sprintax.de\/wordpress\/wp-content\/uploads\/2023\/04\/IMG_2639-2048x1536.jpeg 2048w\" sizes=\"auto, (max-width: 1024px) 100vw, 1024px\" \/><\/figure>\n","protected":false},"excerpt":{"rendered":"<p>Am vorletzten Wochenende des Aprils waren gleich an zwei verschiedenen Startlinien Sprintaxer anzutreffen. Christian, Gunnar und Lars gingen in Burgsteinfurt bei &#8222;Rund um Steinfurt&#8220; an den Start. Etwas weiter s\u00fcdlich in G\u00f6ttingen gaben Felix S., Holger, Joachim S., Max W., Pascal und Anna bei der Tour d&#8217;Energie ihr Bestes.<\/p>\n","protected":false},"author":3,"featured_media":10404,"comment_status":"closed","ping_status":"closed","sticky":false,"template":"","format":"standard","meta":{"neve_meta_sidebar":"","neve_meta_container":"","neve_meta_enable_content_width":"","neve_meta_content_width":0,"neve_meta_title_alignment":"","neve_meta_author_avatar":"","neve_post_elements_order":"[\"title\",\"meta\",\"content\",\"tags\"]","neve_meta_disable_header":"","neve_meta_disable_footer":"","neve_meta_disable_title":"","footnotes":""},"categories":[1,523],"tags":[593,594,592],"class_list":["post-10391","post","type-post","status-publish","format-standard","has-post-thumbnail","hentry","category-allgemein","category-berichte","tag-german-cycling-cup","tag-lizenzrennen","tag-wettkampf"],"_links":{"self":[{"href":"https:\/\/sprintax.de\/wordpress\/wp-json\/wp\/v2\/posts\/10391","targetHints":{"allow":["GET"]}}],"collection":[{"href":"https:\/\/sprintax.de\/wordpress\/wp-json\/wp\/v2\/posts"}],"about":[{"href":"https:\/\/sprintax.de\/wordpress\/wp-json\/wp\/v2\/types\/post"}],"author":[{"embeddable":true,"href":"https:\/\/sprintax.de\/wordpress\/wp-json\/wp\/v2\/users\/3"}],"replies":[{"embeddable":true,"href":"https:\/\/sprintax.de\/wordpress\/wp-json\/wp\/v2\/comments?post=10391"}],"version-history":[{"count":46,"href":"https:\/\/sprintax.de\/wordpress\/wp-json\/wp\/v2\/posts\/10391\/revisions"}],"predecessor-version":[{"id":10472,"href":"https:\/\/sprintax.de\/wordpress\/wp-json\/wp\/v2\/posts\/10391\/revisions\/10472"}],"wp:featuredmedia":[{"embeddable":true,"href":"https:\/\/sprintax.de\/wordpress\/wp-json\/wp\/v2\/media\/10404"}],"wp:attachment":[{"href":"https:\/\/sprintax.de\/wordpress\/wp-json\/wp\/v2\/media?parent=10391"}],"wp:term":[{"taxonomy":"category","embeddable":true,"href":"https:\/\/sprintax.de\/wordpress\/wp-json\/wp\/v2\/categories?post=10391"},{"taxonomy":"post_tag","embeddable":true,"href":"https:\/\/sprintax.de\/wordpress\/wp-json\/wp\/v2\/tags?post=10391"}],"curies":[{"name":"wp","href":"https:\/\/api.w.org\/{rel}","templated":true}]}}