{"id":10632,"date":"2023-08-30T21:43:32","date_gmt":"2023-08-30T19:43:32","guid":{"rendered":"https:\/\/sprintax.de\/wordpress\/?p=10632"},"modified":"2023-08-30T21:43:35","modified_gmt":"2023-08-30T19:43:35","slug":"57-brackweder-radrennen-2023","status":"publish","type":"post","link":"https:\/\/sprintax.de\/wordpress\/2023\/08\/30\/57-brackweder-radrennen-2023\/","title":{"rendered":"57. Brackweder Radrennen 2023"},"content":{"rendered":"\n<p>Beim Renntag am vergangenen Sonntag im heimischen Brackwede war Sprintax abgesehen von den Nachwuchsklassen in jedem Rennen stark vertreten.<\/p>\n\n\n\n<!--more-->\n\n\n\n<p><strong>Hobbyrennen:<\/strong><br>Neuzugang Dennis und Felix S. mischten das Feld kr\u00e4ftig auf und fuhren in der Spitzengruppe proaktiv mit. Im Sprint konnte Dennis seinen ersten Sieg f\u00fcr Sprintax einfahren und Felix S. landete auf Platz 6.<\/p>\n\n\n\n<div class=\"wp-block-columns is-layout-flex wp-container-core-columns-is-layout-9d6595d7 wp-block-columns-is-layout-flex\">\n<div class=\"wp-block-column is-layout-flow wp-block-column-is-layout-flow\">\n<figure class=\"wp-block-image size-large\"><img loading=\"lazy\" decoding=\"async\" width=\"1024\" height=\"819\" src=\"https:\/\/sprintax.de\/wordpress\/wp-content\/uploads\/2023\/08\/abcdf4fb-bf63-4d0d-9fbe-094597162cb3-1024x819.jpg\" alt=\"\" class=\"wp-image-10654\" srcset=\"https:\/\/sprintax.de\/wordpress\/wp-content\/uploads\/2023\/08\/abcdf4fb-bf63-4d0d-9fbe-094597162cb3-1024x819.jpg 1024w, https:\/\/sprintax.de\/wordpress\/wp-content\/uploads\/2023\/08\/abcdf4fb-bf63-4d0d-9fbe-094597162cb3-300x240.jpg 300w, https:\/\/sprintax.de\/wordpress\/wp-content\/uploads\/2023\/08\/abcdf4fb-bf63-4d0d-9fbe-094597162cb3-768x615.jpg 768w, https:\/\/sprintax.de\/wordpress\/wp-content\/uploads\/2023\/08\/abcdf4fb-bf63-4d0d-9fbe-094597162cb3.jpg 1437w\" sizes=\"auto, (max-width: 1024px) 100vw, 1024px\" \/><\/figure>\n<\/div>\n\n\n\n<div class=\"wp-block-column is-layout-flow wp-block-column-is-layout-flow\">\n<figure class=\"wp-block-image size-full\"><img loading=\"lazy\" decoding=\"async\" width=\"768\" height=\"614\" src=\"https:\/\/sprintax.de\/wordpress\/wp-content\/uploads\/2023\/08\/cb1d21e5-482e-4fd9-9b11-e8f9466d8836.jpg\" alt=\"\" class=\"wp-image-10655\" srcset=\"https:\/\/sprintax.de\/wordpress\/wp-content\/uploads\/2023\/08\/cb1d21e5-482e-4fd9-9b11-e8f9466d8836.jpg 768w, https:\/\/sprintax.de\/wordpress\/wp-content\/uploads\/2023\/08\/cb1d21e5-482e-4fd9-9b11-e8f9466d8836-300x240.jpg 300w\" sizes=\"auto, (max-width: 768px) 100vw, 768px\" \/><\/figure>\n<\/div>\n<\/div>\n\n\n\n<p><strong>Frauen:<\/strong><br>Kurz vorm Frauenrennen regnete es stark, sodass das Tempo im Rennen wetterbedingt langsamer ausfiel und es auch zu keinem Ausrei\u00dfversuch kam. Susan und Anna dominierten in der ersten H\u00e4lfte das Rennen und machten richtig Laune. Im finalen Sprint landeten sie leider nur auf Platz 7 (Anna) und Platz 8 (Susan).<\/p>\n\n\n\n<div class=\"wp-block-columns is-layout-flex wp-container-core-columns-is-layout-9d6595d7 wp-block-columns-is-layout-flex\">\n<div class=\"wp-block-column is-layout-flow wp-block-column-is-layout-flow\">\n<figure class=\"wp-block-image size-large\"><img loading=\"lazy\" decoding=\"async\" width=\"1024\" height=\"684\" src=\"https:\/\/sprintax.de\/wordpress\/wp-content\/uploads\/2023\/08\/369630261_2290867997790255_4294684938642106794_n-1024x684.jpeg\" alt=\"\" class=\"wp-image-10641\" srcset=\"https:\/\/sprintax.de\/wordpress\/wp-content\/uploads\/2023\/08\/369630261_2290867997790255_4294684938642106794_n-1024x684.jpeg 1024w, https:\/\/sprintax.de\/wordpress\/wp-content\/uploads\/2023\/08\/369630261_2290867997790255_4294684938642106794_n-300x200.jpeg 300w, https:\/\/sprintax.de\/wordpress\/wp-content\/uploads\/2023\/08\/369630261_2290867997790255_4294684938642106794_n-768x513.jpeg 768w, https:\/\/sprintax.de\/wordpress\/wp-content\/uploads\/2023\/08\/369630261_2290867997790255_4294684938642106794_n-930x620.jpeg 930w, https:\/\/sprintax.de\/wordpress\/wp-content\/uploads\/2023\/08\/369630261_2290867997790255_4294684938642106794_n.jpeg 1498w\" sizes=\"auto, (max-width: 1024px) 100vw, 1024px\" \/><\/figure>\n<\/div>\n\n\n\n<div class=\"wp-block-column is-layout-flow wp-block-column-is-layout-flow\">\n<figure class=\"wp-block-image size-large\"><img loading=\"lazy\" decoding=\"async\" width=\"1024\" height=\"683\" src=\"https:\/\/sprintax.de\/wordpress\/wp-content\/uploads\/2023\/08\/369635387_2290867847790270_8352540536201708203_n-1024x683.jpeg\" alt=\"\" class=\"wp-image-10642\" srcset=\"https:\/\/sprintax.de\/wordpress\/wp-content\/uploads\/2023\/08\/369635387_2290867847790270_8352540536201708203_n-1024x683.jpeg 1024w, https:\/\/sprintax.de\/wordpress\/wp-content\/uploads\/2023\/08\/369635387_2290867847790270_8352540536201708203_n-300x200.jpeg 300w, https:\/\/sprintax.de\/wordpress\/wp-content\/uploads\/2023\/08\/369635387_2290867847790270_8352540536201708203_n-768x512.jpeg 768w, https:\/\/sprintax.de\/wordpress\/wp-content\/uploads\/2023\/08\/369635387_2290867847790270_8352540536201708203_n-930x620.jpeg 930w, https:\/\/sprintax.de\/wordpress\/wp-content\/uploads\/2023\/08\/369635387_2290867847790270_8352540536201708203_n.jpeg 1500w\" sizes=\"auto, (max-width: 1024px) 100vw, 1024px\" \/><\/figure>\n<\/div>\n<\/div>\n\n\n\n<p><strong>Amateure:<\/strong><br>Nachdem die Frauen die Stra\u00dfe wieder trocken gefahren haben, gingen bei den Amateuren gleich drei Starter von uns in den Wettstreit. Gunnar, Max W. und Niklas konnten sich im Starterfeld gut behaupten. Nach einigen Runden l\u00f6ste sich eine sechsk\u00f6pfige Spitzengruppe. Das Feld mit den drei Sprintaxen versuchte zwischenzeitlich vergeblich den Anschluss herzustellen. In den letzten Runden konnte Max W. einige Zeit von vorne fahren, allerdings blieb das Feld trotz einiger Ausrei\u00dfversuche bis zum Schluss zusammen. Im Sprint konnte sich Niklas am besten platzieren und kam auf Platz 14 ins Ziel. Max und Gunnar belegten Platz 21 und 22.<\/p>\n\n\n\n<figure class=\"wp-block-image size-large\"><img loading=\"lazy\" decoding=\"async\" width=\"1024\" height=\"683\" src=\"https:\/\/sprintax.de\/wordpress\/wp-content\/uploads\/2023\/08\/369651943_2290883254455396_2126718441031526185_n-1024x683.jpg\" alt=\"\" class=\"wp-image-10651\" srcset=\"https:\/\/sprintax.de\/wordpress\/wp-content\/uploads\/2023\/08\/369651943_2290883254455396_2126718441031526185_n-1024x683.jpg 1024w, https:\/\/sprintax.de\/wordpress\/wp-content\/uploads\/2023\/08\/369651943_2290883254455396_2126718441031526185_n-300x200.jpg 300w, https:\/\/sprintax.de\/wordpress\/wp-content\/uploads\/2023\/08\/369651943_2290883254455396_2126718441031526185_n-768x512.jpg 768w, https:\/\/sprintax.de\/wordpress\/wp-content\/uploads\/2023\/08\/369651943_2290883254455396_2126718441031526185_n-930x620.jpg 930w, https:\/\/sprintax.de\/wordpress\/wp-content\/uploads\/2023\/08\/369651943_2290883254455396_2126718441031526185_n.jpg 1500w\" sizes=\"auto, (max-width: 1024px) 100vw, 1024px\" \/><\/figure>\n\n\n\n<p><strong>Master 2:<\/strong><br>Im Feld der Master repr\u00e4sentierte Christian unseren Verein. Mit einem 43er Schnitt war es ein schnelles Rennen. Daher gab es auch keinen Ausrei\u00dfer und am Ende ging es im Sprint um den Sieg. Christian konnte sich dort auf dem f\u00fcnften Platz fahren.<\/p>\n\n\n\n<figure class=\"wp-block-image size-large\"><img loading=\"lazy\" decoding=\"async\" width=\"1024\" height=\"683\" src=\"https:\/\/sprintax.de\/wordpress\/download\/10643\/369613163_2290883191122069_5113864813222316022_n-1024x683.jpeg\" alt=\"\" class=\"wp-image-10640\"\/><\/figure>\n\n\n\n<p><strong>Master 3:<\/strong><br>Dario und Werner bewegten sich sehr gut im Feld der Master 3. Recht fr\u00fch im Rennen gelang einem Fahrer des Radsportclubs 07 Fulda e.V. der Ausrei\u00dfversuch. Er konnte den Vorsprung solide ausbauen und kam mit mehr als einer Minute Vorsprung ins Ziel. Dario landete auf Platz 10 und Werner auf Platz 14.<\/p>\n\n\n\n<figure class=\"wp-block-image size-large\"><img loading=\"lazy\" decoding=\"async\" width=\"1024\" height=\"684\" src=\"https:\/\/sprintax.de\/wordpress\/wp-content\/uploads\/2023\/08\/369632185_2290903034453418_8052943971042378297_n-1024x684.jpeg\" alt=\"\" class=\"wp-image-10645\" srcset=\"https:\/\/sprintax.de\/wordpress\/wp-content\/uploads\/2023\/08\/369632185_2290903034453418_8052943971042378297_n-1024x684.jpeg 1024w, https:\/\/sprintax.de\/wordpress\/wp-content\/uploads\/2023\/08\/369632185_2290903034453418_8052943971042378297_n-300x200.jpeg 300w, https:\/\/sprintax.de\/wordpress\/wp-content\/uploads\/2023\/08\/369632185_2290903034453418_8052943971042378297_n-768x513.jpeg 768w, https:\/\/sprintax.de\/wordpress\/wp-content\/uploads\/2023\/08\/369632185_2290903034453418_8052943971042378297_n-930x620.jpeg 930w, https:\/\/sprintax.de\/wordpress\/wp-content\/uploads\/2023\/08\/369632185_2290903034453418_8052943971042378297_n.jpeg 1498w\" sizes=\"auto, (max-width: 1024px) 100vw, 1024px\" \/><\/figure>\n\n\n\n<p><strong>Master 4:<\/strong><br>Hier ging Joachim S. als sportlicher Leiter f\u00fcr Sprintax an die Startlinie. Immer wieder zeigte er sich vorne an der Spitze und war jederzeit gut platziert. Auch hier gab es keinen Ausrei\u00dfer, sodass das Rennen im Sprint entschieden wurde. Joachim S. belegte hier einen starken Platz 5.<\/p>\n\n\n\n<figure class=\"wp-block-image size-large\"><img loading=\"lazy\" decoding=\"async\" width=\"1024\" height=\"683\" src=\"https:\/\/sprintax.de\/wordpress\/wp-content\/uploads\/2023\/08\/369605040_2290903317786723_8851066007435339507_n-1024x683.jpeg\" alt=\"\" class=\"wp-image-10646\" srcset=\"https:\/\/sprintax.de\/wordpress\/wp-content\/uploads\/2023\/08\/369605040_2290903317786723_8851066007435339507_n-1024x683.jpeg 1024w, https:\/\/sprintax.de\/wordpress\/wp-content\/uploads\/2023\/08\/369605040_2290903317786723_8851066007435339507_n-300x200.jpeg 300w, https:\/\/sprintax.de\/wordpress\/wp-content\/uploads\/2023\/08\/369605040_2290903317786723_8851066007435339507_n-768x512.jpeg 768w, https:\/\/sprintax.de\/wordpress\/wp-content\/uploads\/2023\/08\/369605040_2290903317786723_8851066007435339507_n-930x620.jpeg 930w, https:\/\/sprintax.de\/wordpress\/wp-content\/uploads\/2023\/08\/369605040_2290903317786723_8851066007435339507_n.jpeg 1500w\" sizes=\"auto, (max-width: 1024px) 100vw, 1024px\" \/><\/figure>\n\n\n\n<p>Wir blicken auf einen gelungenen Wettkampftag zur\u00fcck und danken nochmals dem R.V. Teutoburg Brackwede&nbsp;f\u00fcr die Ausrichtung des Rennens und die gute Organisation. Wir freuen uns auf die 58. Auflage des Brackweder Radrennens.<\/p>\n","protected":false},"excerpt":{"rendered":"<p>Beim Renntag am vergangenen Sonntag im heimischen Brackwede war Sprintax abgesehen von den Nachwuchsklassen in jedem Rennen stark vertreten.<\/p>\n","protected":false},"author":3,"featured_media":10648,"comment_status":"open","ping_status":"closed","sticky":false,"template":"","format":"standard","meta":{"neve_meta_sidebar":"","neve_meta_container":"","neve_meta_enable_content_width":"","neve_meta_content_width":0,"neve_meta_title_alignment":"","neve_meta_author_avatar":"","neve_post_elements_order":"","neve_meta_disable_header":"","neve_meta_disable_footer":"","neve_meta_disable_title":"","footnotes":""},"categories":[1,523,585],"tags":[599,594,592],"class_list":["post-10632","post","type-post","status-publish","format-standard","has-post-thumbnail","hentry","category-allgemein","category-berichte","category-berichte-2023","tag-brackwede","tag-lizenzrennen","tag-wettkampf"],"_links":{"self":[{"href":"https:\/\/sprintax.de\/wordpress\/wp-json\/wp\/v2\/posts\/10632","targetHints":{"allow":["GET"]}}],"collection":[{"href":"https:\/\/sprintax.de\/wordpress\/wp-json\/wp\/v2\/posts"}],"about":[{"href":"https:\/\/sprintax.de\/wordpress\/wp-json\/wp\/v2\/types\/post"}],"author":[{"embeddable":true,"href":"https:\/\/sprintax.de\/wordpress\/wp-json\/wp\/v2\/users\/3"}],"replies":[{"embeddable":true,"href":"https:\/\/sprintax.de\/wordpress\/wp-json\/wp\/v2\/comments?post=10632"}],"version-history":[{"count":7,"href":"https:\/\/sprintax.de\/wordpress\/wp-json\/wp\/v2\/posts\/10632\/revisions"}],"predecessor-version":[{"id":10656,"href":"https:\/\/sprintax.de\/wordpress\/wp-json\/wp\/v2\/posts\/10632\/revisions\/10656"}],"wp:featuredmedia":[{"embeddable":true,"href":"https:\/\/sprintax.de\/wordpress\/wp-json\/wp\/v2\/media\/10648"}],"wp:attachment":[{"href":"https:\/\/sprintax.de\/wordpress\/wp-json\/wp\/v2\/media?parent=10632"}],"wp:term":[{"taxonomy":"category","embeddable":true,"href":"https:\/\/sprintax.de\/wordpress\/wp-json\/wp\/v2\/categories?post=10632"},{"taxonomy":"post_tag","embeddable":true,"href":"https:\/\/sprintax.de\/wordpress\/wp-json\/wp\/v2\/tags?post=10632"}],"curies":[{"name":"wp","href":"https:\/\/api.w.org\/{rel}","templated":true}]}}