{"id":11330,"date":"2024-12-24T10:29:32","date_gmt":"2024-12-24T09:29:32","guid":{"rendered":"https:\/\/sprintax.de\/wordpress\/?p=11330"},"modified":"2024-12-25T21:43:11","modified_gmt":"2024-12-25T20:43:11","slug":"sportlerin-des-jahres-2024","status":"publish","type":"post","link":"https:\/\/sprintax.de\/wordpress\/2024\/12\/24\/sportlerin-des-jahres-2024\/","title":{"rendered":"Sportler*in des Jahres 2024"},"content":{"rendered":"\n<p>Auf unserer Jahresabschlussfeier fand erstmals, auf Anregung unseres sportlichen Leiters Werni, die Wahl zur Sportler*in des Jahres statt. Zur Wahl standen insgesamt 5 Sprintaxe. Die Nominierungen fanden im Oktober nach dem Prinzip \u201eFirst come, first served\u201c durch alle Mitglieder im Klubraum statt. Die Kriterien f\u00fcr die Nominierung waren: Der*die Sportler*in soll den RC Sprintax oder den Radsport durch besonderes Engagement oder besondere Leidenschaft repr\u00e4sentieren. Das konnte, musste aber nicht, sportliche Exzellenz sein. Nominiert waren: Anna, Christian B., Max B., Dennis und Wolle.<\/p>\n\n\n\n<!--more-->\n\n\n\n<p>Nachdem alle Anwesenden auf unserer Weihnachtsfeier ihre Stimme an der Wahlurne abgegeben hatten, z\u00e4hlte die Fahrerinnen des Damen Bundesligateams <a href=\"https:\/\/www.team-plasmatreat.de\">Plasmatreat-RTS Electronic<\/a> aus. Gewonnen hat..: Wolle! Herzlichen Gl\u00fcckwunsch zum Titel des Sportlers des Jahres 2024.<\/p>\n\n\n\n<figure class=\"wp-block-image size-large is-resized\"><img loading=\"lazy\" decoding=\"async\" width=\"899\" height=\"1024\" src=\"https:\/\/sprintax.de\/wordpress\/wp-content\/uploads\/2024\/12\/FullSizeRender-899x1024.jpeg\" alt=\"\" class=\"wp-image-11351\" style=\"width:478px;height:auto\" srcset=\"https:\/\/sprintax.de\/wordpress\/wp-content\/uploads\/2024\/12\/FullSizeRender-899x1024.jpeg 899w, https:\/\/sprintax.de\/wordpress\/wp-content\/uploads\/2024\/12\/FullSizeRender-263x300.jpeg 263w, https:\/\/sprintax.de\/wordpress\/wp-content\/uploads\/2024\/12\/FullSizeRender-768x875.jpeg 768w, https:\/\/sprintax.de\/wordpress\/wp-content\/uploads\/2024\/12\/FullSizeRender-1348x1536.jpeg 1348w, https:\/\/sprintax.de\/wordpress\/wp-content\/uploads\/2024\/12\/FullSizeRender-1798x2048.jpeg 1798w\" sizes=\"auto, (max-width: 899px) 100vw, 899px\" \/><figcaption class=\"wp-element-caption\">Wolle und unser sportlicher Leiter Werni<\/figcaption><\/figure>\n\n\n\n<p>Hier k\u00f6nnt ihr nochmal das von Werni erstellte Profil nachlesen:<\/p>\n\n\n\n<p>Wolle ist ein Intellektueller. Gespr\u00e4che auf dem Siegfriedplatz werden immer interessanter, wenn Wolfgang von seiner t\u00e4glichen Tour zur\u00fcck ist. 1969 begann der junge Wolfgang seine universit\u00e4re Ausbildung zum Politologen an der Universit\u00e4t Bielefeld. Aber schon fr\u00fch hat Wolfgang eine Familie gegr\u00fcndet, und Geld w\u00e4chst nicht auf den B\u00e4umen. Darum musste Wolfgang das Studium nach der Zwischenpr\u00fcfung abbrechen und er begann seine Karriere als Metaller in der Bielefelder Gie\u00dferei Vogelsang. Als Metaller mit Herz und Blut, f\u00fchrten ihn diverse Stationen schlie\u00dflich zu Thyssen, wo er 19 Jahre bis zu seinem Ruhestand verbrachte.<\/p>\n\n\n\n<p>Ungebrochen ist Wolfgang nach wie vor dem Radsport voll zugetan. Tribut an schweren St\u00fcrzen lassen ihn fr\u00fchere Tempi nicht mehr erreichen, wir erinnern uns noch an seinen Sch\u00e4delbruch im Jahr 2019, f\u00e4hrt er noch regelm\u00e4\u00dfig Distanzen jenseits der 150 km. Er l\u00e4sst sich auch von schlechtem Wetter nicht abschrecken, damit pr\u00e4gt er den Begriff fremdfrieren, f\u00e4hrt er gerne bei Temperaturen um den Gefrierpunkt in kurzen Hosen. Oft kombiniert er seine Touren mit einem Besuch als Edelfan bei Amateurveranstaltungen, seien es Crossrennen oder Rundstreckenrennen, bei denen die Rennabteilung von Sprintax vertreten ist. Zu Sprintax hat Wolfgang, zusammen mit vielen anderen, durch den Einsteigertreff von Peter Wydany gefunden. Immer auch interessiert am Leistungssport war eine seiner sportlichen H\u00f6hepunkte sicher der \u00d6tztaler im Jahr 2013.<\/p>\n\n\n\n<p>Fr\u00fch hat Wolfgang das Fahrrad schon als Verkehrsmittel auch f\u00fcr gro\u00dfe Stecken erkannt. Oft fuhr er die 240 km nach Fulda zum Besuch seines Elternhauses mit dem Rennrad. Gerne w\u00fcrde Wolfgang das noch einmal tun, am besten mit Begleitung durch Vereinsmitglieder des RC Sprintax Bielefeld.&nbsp;&nbsp;<\/p>\n\n\n\n<figure class=\"wp-block-image size-large\"><img loading=\"lazy\" decoding=\"async\" width=\"766\" height=\"1024\" src=\"https:\/\/sprintax.de\/wordpress\/wp-content\/uploads\/2024\/12\/IMG_1040-766x1024.jpeg\" alt=\"\" class=\"wp-image-11337\" srcset=\"https:\/\/sprintax.de\/wordpress\/wp-content\/uploads\/2024\/12\/IMG_1040-766x1024.jpeg 766w, https:\/\/sprintax.de\/wordpress\/wp-content\/uploads\/2024\/12\/IMG_1040-224x300.jpeg 224w, https:\/\/sprintax.de\/wordpress\/wp-content\/uploads\/2024\/12\/IMG_1040-768x1027.jpeg 768w, https:\/\/sprintax.de\/wordpress\/wp-content\/uploads\/2024\/12\/IMG_1040-1149x1536.jpeg 1149w, https:\/\/sprintax.de\/wordpress\/wp-content\/uploads\/2024\/12\/IMG_1040.jpeg 1429w\" sizes=\"auto, (max-width: 766px) 100vw, 766px\" \/><\/figure>\n","protected":false},"excerpt":{"rendered":"<p>Auf unserer Jahresabschlussfeier fand erstmals, auf Anregung unseres sportlichen Leiters Werni, die Wahl zur Sportler*in des Jahres statt. Zur Wahl standen insgesamt 5 Sprintaxe. Die Nominierungen fanden im Oktober nach dem Prinzip \u201eFirst come, first served\u201c durch alle Mitglieder im Klubraum statt. Die Kriterien f\u00fcr die Nominierung waren: Der*die Sportler*in soll den RC Sprintax oder&hellip;&nbsp;<a href=\"https:\/\/sprintax.de\/wordpress\/2024\/12\/24\/sportlerin-des-jahres-2024\/\" rel=\"bookmark\">Weiterlesen &raquo;<span class=\"screen-reader-text\">Sportler*in des Jahres 2024<\/span><\/a><\/p>\n","protected":false},"author":4,"featured_media":11337,"comment_status":"closed","ping_status":"closed","sticky":false,"template":"","format":"standard","meta":{"neve_meta_sidebar":"","neve_meta_container":"","neve_meta_enable_content_width":"","neve_meta_content_width":0,"neve_meta_title_alignment":"","neve_meta_author_avatar":"","neve_post_elements_order":"","neve_meta_disable_header":"","neve_meta_disable_footer":"","neve_meta_disable_title":"","footnotes":""},"categories":[1,523,601],"tags":[615,614,616],"class_list":["post-11330","post","type-post","status-publish","format-standard","has-post-thumbnail","hentry","category-allgemein","category-berichte","category-berichte-2024","tag-jahresabschlussfeier","tag-sportler-des-jahres","tag-weihnachtsfeier"],"_links":{"self":[{"href":"https:\/\/sprintax.de\/wordpress\/wp-json\/wp\/v2\/posts\/11330","targetHints":{"allow":["GET"]}}],"collection":[{"href":"https:\/\/sprintax.de\/wordpress\/wp-json\/wp\/v2\/posts"}],"about":[{"href":"https:\/\/sprintax.de\/wordpress\/wp-json\/wp\/v2\/types\/post"}],"author":[{"embeddable":true,"href":"https:\/\/sprintax.de\/wordpress\/wp-json\/wp\/v2\/users\/4"}],"replies":[{"embeddable":true,"href":"https:\/\/sprintax.de\/wordpress\/wp-json\/wp\/v2\/comments?post=11330"}],"version-history":[{"count":10,"href":"https:\/\/sprintax.de\/wordpress\/wp-json\/wp\/v2\/posts\/11330\/revisions"}],"predecessor-version":[{"id":11357,"href":"https:\/\/sprintax.de\/wordpress\/wp-json\/wp\/v2\/posts\/11330\/revisions\/11357"}],"wp:featuredmedia":[{"embeddable":true,"href":"https:\/\/sprintax.de\/wordpress\/wp-json\/wp\/v2\/media\/11337"}],"wp:attachment":[{"href":"https:\/\/sprintax.de\/wordpress\/wp-json\/wp\/v2\/media?parent=11330"}],"wp:term":[{"taxonomy":"category","embeddable":true,"href":"https:\/\/sprintax.de\/wordpress\/wp-json\/wp\/v2\/categories?post=11330"},{"taxonomy":"post_tag","embeddable":true,"href":"https:\/\/sprintax.de\/wordpress\/wp-json\/wp\/v2\/tags?post=11330"}],"curies":[{"name":"wp","href":"https:\/\/api.w.org\/{rel}","templated":true}]}}