{"id":3783,"date":"2014-04-19T19:54:47","date_gmt":"2014-04-19T17:54:47","guid":{"rendered":"https:\/\/sprintax.de\/wordpress\/2014\/04\/19\/vaetternundan-2013\/"},"modified":"2014-04-19T19:54:47","modified_gmt":"2014-04-19T17:54:47","slug":"vaetternundan-2013","status":"publish","type":"post","link":"https:\/\/sprintax.de\/wordpress\/2014\/04\/19\/vaetternundan-2013\/","title":{"rendered":"V\u00e4tternundan 2013"},"content":{"rendered":"<p><em>von Andreas Ellermann<\/em><\/p>\n<p>Am 11. Juni war es endlich soweit, an diesem Tag ging es f\u00fcr Heike, Andreas, Martina, Jobst, Irmgard und Detlef nach <strong>Schweden<\/strong> zur <strong>V\u00e4tternrundan 2013<\/strong>. Nach der individuellen Anreise, trafen wir uns am Nachmittag nach einer l\u00e4ngeren&nbsp;Suche an unserem Ferienhaus in Vadstena, und waren gleich einmal positiv \u00fcberrascht von dem geschmackvoll eingerichteten Haus.<\/p>\n<p>Die V\u00e4tternrundan fand vom <strong>Freitag, 14. Juni bis Samstag, 15. Juni 2013<\/strong> statt und somit hatten wir noch gen\u00fcgend Zeit, um uns zu ein wenig die Gegend anzusehen und ein paar Trainingskilometer zu absolvieren. Donnerstag fuhren wir <br \/>gemeinsam nach Motala, um unsere Startunterlagen abzuholen und uns die Messe und das Treiben anzusehen, leider bei sehr viel Regen, so das wir wieder schnell zu Hause waren, aber die Aufregung stieg.<img loading=\"lazy\" decoding=\"async\" class=\"pull-right\" src=\"images\/vtter3.jpg\" alt=\"\" width=\"192\" height=\"144\" \/><br \/>Und dann war der Freitag schon da. Unsere Startzeit war um 23:46 Uhr nachts. Wie sich herausstellte, eine gute Wahl, so war die Fahrzeit bis zum toten Punkt nicht so lang. Am Start herrschte ein buntes Treiben, aber alles ohne Hektik. Nur der&nbsp;Wind zeigte sich von seiner st\u00fcrmischen Seite und es war abzusehen das wir die ersten 100 km erst einmal ordentlich Gegenwind haben sollten. Dann wurde es ernst, es ging in die Startbox. Monika und Helmut w\u00fcnschten uns noch eine gute Fahrt und dann ging es p\u00fcnktlich auf die Strecke.<\/p>\n<p>Auf den ersten Kilometern wollten Detlef und Jobst alleine vorne fahren, was ich aber relativ fr\u00fch unterbinden konnte (bei dem Wind w\u00e4ren die beiden nach 50 km alle gewesen). So haben wir nach ca. 10 km Ordnung, in die Gruppe gebracht und wechselten mit bis zu 14 Fahrern sauber bis zu ersten Kontrolle in H\u00e4stholmen durch. Die ersten 44 km sind geschafft.<br \/>Die n\u00e4chste Verpflegung war in Gr\u00e4nna, nach 81 km auch da sind wir gut zusammen angekommen, da gab es dann auch mal einen Becher Blaubeersuppe, denn warm war es nicht und damit hatte Paradee ein wenig zu k\u00e4mpfen und wollte schnell wieder aufs Rad.<br \/>Dann ging es durch die Dunkelheit und ein wenig h\u00fcgelig zur Verpflegung in J\u00f6nk\u00f6ping. Dort wurden Fleischb\u00e4llchen mit Kartoffelbrei serviert, aber mitten in der Nacht war das nix f\u00fcr uns also nur einen Kaffee und wieder aufs Rad; bei Sonnenaufgang geht\u00b4s dann weiter nach Fagerhult (km 138).<br \/>Aber hier gab es f\u00fcr Paradee kein halten mehr, sie sauste alleine davon. Detlef lie\u00df es jetzt auch ein wenig ruhiger angehen, denn es waren noch 160 km zu fahren. Die n\u00e4chste Verpflegung war bei 178 km in Hjo. <img loading=\"lazy\" decoding=\"async\" class=\"pull-right\" src=\"images\/vtter61.jpg\" alt=\"\" width=\"211\" height=\"159\" \/><br \/>Hier war es super und wir trafen uns auch alle wieder. Es gab lecker Lasagne. Detlef genoss die Sonne und wollte noch etwas ausruhen, Paradee, Jobst und ich fuhren schon einmal weiter Richtung Karlsborg, dabei immer ein leichter R\u00fccken- oder Seitenwind, so ging es recht z\u00fcgig nach Boviken. Jetzt standen schon 230 km auf dem Tacho, also nur noch 70 km &#8211; das macht Kr\u00e4fte frei.<br \/>Weiter ging es langsam Richtung Ziel \u00fcber die sch\u00f6ne Hammersundet bei km 262. Oben auf der sch\u00f6nen gro\u00dfen Br\u00fccke, kann man den Blick \u00fcber den n\u00f6rdlichen V\u00e4ttern und die Sch\u00e4ren genie\u00dfen. An der Verpflegung wartete Paradee, sie war zu diesen Zeitpunkt rech platt und war froh das wir sie in die Mitte nahmen und zur n\u00e4chsten Verpflegung gemeinsam fuhren.<br \/>Die letzte Verpflegung war im Medevi. Dort ludt eine Sommerwiese zu einer letzten Rast ein. Eigentlich wollte ich gerne dieses Depot auslassen, da Paradee mit Werner eine Wette \u201eam laufen hatte\u201c Sie war aber fix und alle und brauchte eine Pause. Werner hatte mit ihr gewettet, dass sie es schafft, vor 12 Uhr die Ziellinie zu \u00fcberqueren. Kurz nachgerechnet und, ach du Schreck &#8211; jetzt m\u00fcssen wir auf den letzten 23 km einen ordentlichen 30iger Schnitt hinlegen, um das noch zu schaffen. Also rauf aufs Rad, Paradee in die Mitte genommen und dann gings los.<br \/>Paradee hat gek\u00e4mpft wie ein L\u00f6we, denn die Strecke war alles andere als flach. Jobst und ich haben uns immer abgewechselt und dann kam Motala in Sicht, ab da war es nur noch Genie\u00dfen und exakt um 11:51 Uhr hatten wir die Ziellinie passiert; damit musste Werner seine Liebste zu einem Fr\u00fchst\u00fcck im Bernstein einladen.<br \/>Im Ziel warteten Heike, Martina, Irmgard, Monika und Helmut auf uns. Detlef lie\u00df auch nicht mehr lange auf sich warten, dann gab es erst einmal etwas Ordentliches zu Essen.<br \/>Sp\u00e4ter kamen noch Werner, Dario und Ragnar ins Ziel; die drei waren morgens um 5:32 Uhr gestartet um die Dunkelheit zu umgehen. Alle gl\u00fccklich und zufrieden, Werner zudem in einer unglaublichen Zeit von 8 Stunden und 8 Minuten! Daf\u00fcr hat er aber auch die leckeren Verpflegungsstellen verpasst\u2026<\/p>\n<p>Unser Fazit: Eine wirklich sehr gut organisierte Veranstaltung die allen sehr viel Spa\u00df gemacht hat und einem auch zeigt was der K\u00f6rper doch so alles verkraftet. Vielleicht sehen uns die Schweden ja 2015 zur 50. V\u00e4tternrundan wieder.<\/p>\n<table>\n<tbody>\n<tr>\n<td><img loading=\"lazy\" decoding=\"async\" style=\"margin: 10px;\" src=\"images\/vtter2.jpg\" alt=\"V\u00e4tterundan\" width=\"220\" height=\"165\" \/><\/td>\n<td><img loading=\"lazy\" decoding=\"async\" style=\"margin: 10px;\" src=\"images\/vtter4.jpg\" alt=\"V\u00e4tterundan\" width=\"248\" height=\"165\" \/><\/td>\n<\/tr>\n<tr>\n<td><img loading=\"lazy\" decoding=\"async\" style=\"margin: 10px;\" src=\"images\/vtter5.jpg\" alt=\"V\u00e4tterundan\" width=\"253\" height=\"337\" \/><\/td>\n<td><img loading=\"lazy\" decoding=\"async\" style=\"margin: 10px;\" src=\"images\/vtter7.jpg\" alt=\"V\u00e4tterundan\" width=\"252\" height=\"337\" \/><\/td>\n<\/tr>\n<\/tbody>\n<\/table>\n<p>&nbsp;<\/p>\n<p>&nbsp;<\/p>\n","protected":false},"excerpt":{"rendered":"<p>von Andreas Ellermann Am 11. Juni war es endlich soweit, an diesem Tag ging es f\u00fcr Heike, Andreas, Martina, Jobst, Irmgard und Detlef nach Schweden zur V\u00e4tternrundan 2013. Nach der individuellen Anreise, trafen wir uns am Nachmittag nach einer l\u00e4ngeren&nbsp;Suche an unserem Ferienhaus in Vadstena, und waren gleich einmal positiv \u00fcberrascht von dem geschmackvoll eingerichteten&hellip;&nbsp;<a href=\"https:\/\/sprintax.de\/wordpress\/2014\/04\/19\/vaetternundan-2013\/\" rel=\"bookmark\">Weiterlesen &raquo;<span class=\"screen-reader-text\">V\u00e4tternundan 2013<\/span><\/a><\/p>\n","protected":false},"author":1,"featured_media":0,"comment_status":"open","ping_status":"open","sticky":false,"template":"","format":"standard","meta":{"neve_meta_sidebar":"","neve_meta_container":"","neve_meta_enable_content_width":"","neve_meta_content_width":0,"neve_meta_title_alignment":"","neve_meta_author_avatar":"","neve_post_elements_order":"","neve_meta_disable_header":"","neve_meta_disable_footer":"","neve_meta_disable_title":"","footnotes":""},"categories":[525],"tags":[],"class_list":["post-3783","post","type-post","status-publish","format-standard","hentry","category-berichte-2013"],"_links":{"self":[{"href":"https:\/\/sprintax.de\/wordpress\/wp-json\/wp\/v2\/posts\/3783","targetHints":{"allow":["GET"]}}],"collection":[{"href":"https:\/\/sprintax.de\/wordpress\/wp-json\/wp\/v2\/posts"}],"about":[{"href":"https:\/\/sprintax.de\/wordpress\/wp-json\/wp\/v2\/types\/post"}],"author":[{"embeddable":true,"href":"https:\/\/sprintax.de\/wordpress\/wp-json\/wp\/v2\/users\/1"}],"replies":[{"embeddable":true,"href":"https:\/\/sprintax.de\/wordpress\/wp-json\/wp\/v2\/comments?post=3783"}],"version-history":[{"count":0,"href":"https:\/\/sprintax.de\/wordpress\/wp-json\/wp\/v2\/posts\/3783\/revisions"}],"wp:attachment":[{"href":"https:\/\/sprintax.de\/wordpress\/wp-json\/wp\/v2\/media?parent=3783"}],"wp:term":[{"taxonomy":"category","embeddable":true,"href":"https:\/\/sprintax.de\/wordpress\/wp-json\/wp\/v2\/categories?post=3783"},{"taxonomy":"post_tag","embeddable":true,"href":"https:\/\/sprintax.de\/wordpress\/wp-json\/wp\/v2\/tags?post=3783"}],"curies":[{"name":"wp","href":"https:\/\/api.w.org\/{rel}","templated":true}]}}