{"id":3856,"date":"2008-10-29T20:37:00","date_gmt":"2008-10-29T19:37:00","guid":{"rendered":"https:\/\/sprintax.de\/wordpress\/2014\/06\/03\/auftakt-der-cross-saison-08-09\/"},"modified":"2022-01-23T20:53:32","modified_gmt":"2022-01-23T19:53:32","slug":"auftakt-der-cross-saison-08-09","status":"publish","type":"post","link":"https:\/\/sprintax.de\/wordpress\/2008\/10\/29\/auftakt-der-cross-saison-08-09\/","title":{"rendered":"Auftakt der Cross-Saison 08\/09"},"content":{"rendered":"<p><strong>Querfeldein auf&#8217;s Treppchen &#8211; Erste Ergebnisse zum Auftakt der Cross-Saison 2008\/2009<\/strong><\/p>\n<p><em>Von Jens Lambracht<\/em><\/p>\n<p>Der Querfeldeinsport steht bei uns momentan wieder hoch im Kurs. Jessica, Bettina und ich fahren in dieser Saison die Rennen zum Weser-Ems Cup, sowie einige Rennen zum Deutschland Cup. Der Radsportbezirk Weser-Ems organisiert den gleichnamigen Cup nun mittlerweile zum 9. Mal f\u00fcr Querfeldein- und MTB-Fahrer. In der Zeit vom 12.10.2008 bis zum 18.01.2009 werden insgesamt 8 L\u00e4ufe auf verschiedenen Kursen ausgetragen. Auch in diesem Jahr haben wir uns vorgenommen, so oft wie m\u00f6glich dabei zu sein.<\/p>\n<p>Insgesamt drei Rennen haben wir im Oktober bereits absolviert. Beim ersten Rennen in Engter am 12.10. bin ich in der superstark besetzten Seniorenklasse II nach einem Sturz in der ersten Runde auf Platz 24 ins Ziel gekommen. Das Wetter war sehr gut, die Strecke flach, durch viele Tragepassagen jedoch sehr anspruchsvoll.<\/p>\n<p><em>\u201eRund um den Lohner Aussichtsturm&#8220;<\/em><\/p>\n<p><img loading=\"lazy\" decoding=\"async\" class=\"aligncenter size-full wp-image-3854\" src=\"https:\/\/sprintax.de\/wordpress\/wp-content\/uploads\/2014\/06\/Crosssaison1.jpg\" alt=\"Auftakt der Crosssaison\" width=\"300\" height=\"225\" \/><\/p>\n<p>Unser erstes Deutschland-Cup-Renne \u201eRund um den Lohner Aussichtsturm&#8220; stand am 19. Oktober auf der Tagesordnung. Eine sehr anspruchsvolle, schnelle Strecke mit einem langen Anstieg, der richtig in die Beine ging, hat unser\u00a0Familienteam m\u00e4chtig gefordert \u2013 aber auch gef\u00f6rdert! Hier konnte Jessica (Sch\u00fclerinnen U 15) ihren ersten Sieg feiern. Mit ca. 2 Min. Vorsprung auf die Zweitplatzierte bot sie eine herausragende Leistung. Das bedeutete gleichzeitig die F\u00fchrung in der Deutschland-Cup Gesamtwertung. Im Seniorenrennen musste ich gegen Prominenz wie Jens Schwedler antreten. Schwedler war mehrmals Deutscher Radcross-Meister und nach Beendigung seiner ersten aktiven Karriere ab 2005 Trainer und sportlicher Leiter des Hamburger Stevens. Seit Anfang des Jahres trainiert er wieder intensiver und war nun auch in Lohne am Start. Aus der letzten Reihe startend konnte ich mich zumindest ins Mittelfeld katapultieren und diese Position weitestgehend halten. Am Ende bin ich mit Platz 32 von 64 Startern nach einigen Zweik\u00e4mpfen sehr zufrieden. Wie zu erwarten hie\u00df der Sieger \u00fcbrigens Jens Schwedler.<\/p>\n<p>Ebenfalls stark ist Bettina im Frauen-Elite-Feld gefahren. Nach hartem Zweikampf kam ein toller vierter Platz dabei heraus. Die Zeitabst\u00e4nde zu den ersten dreien und auch deutlich j\u00fcngeren Fahrerrinnen waren sehr gering. Nach einem sonnigen und warmen Herbsttag konnten wir also recht zufrieden heim fahren.<\/p>\n<p><em>2. Lauf zum Weser-Ems-Cup in Sandkrug 26. Oktober 2008<\/em><\/p>\n<p><img loading=\"lazy\" decoding=\"async\" class=\" alignright size-full wp-image-3855\" style=\"margin: 5px; float: right;\" src=\"https:\/\/sprintax.de\/wordpress\/wp-content\/uploads\/2014\/06\/crosssaison2.jpg\" alt=\"Auftakt zur Cross-Saison\" width=\"238\" height=\"179\" \/><\/p>\n<p>Am folgenden Wochenende meinte es der Wettergott nicht ganz so gut mit uns: zun\u00e4chst \u201enoch&#8220; bew\u00f6lkt, setzte sp\u00e4ter Regen ein. Die Stecke war anspruchsvoll mit einer langen Sandpassage \u2013\u00a0was wollte man in \u201eSandkrug&#8220; auch anders erwarten? Im U 15 Rennen, musste Jessica diesmal bei den Jungs starten, denn f\u00fcr Sch\u00fclerinnen gab es keine getrennte Wertung. Trotzdem konnte sie einen hervorragenden 3. Platz herausfahren, immer eng auf Tuchf\u00fchlung mit den Erst- und Zweitplatzierten.<\/p>\n<p>Ich durfte mich mit 41 weiteren \u201eSenioren&#8220; unter anderem Lars van der Sloot (Deutscher Meister-Senioren), Timo Berner usw. \u201eherumschlagen&#8220;. Aufgrund meiner Platzierung von Engter stand ich am Start nat\u00fcrlich weit hinten. Dieser ist mir zwar ganz gut gelungen, doch zu Beginn wurde ich jedoch im Get\u00fcmmel der ersten Engstelle wieder etwas zur\u00fcckgeworfen. Am Ende war ich mit Platz 24 dennoch zufrieden.<\/p>\n<p>Bettina lieferte sich einige Zweik\u00e4mpfe im sehr gut besetzten Frauenrennen. Dort waren zehn Fahrerrinnen am Start. Mit Platz 4 hat sie das Treppchen leider knapp verpasst, trotzdem ein super Ergebnis.<\/p>\n","protected":false},"excerpt":{"rendered":"<p>Querfeldein auf&#8217;s Treppchen &#8211; Erste Ergebnisse zum Auftakt der Cross-Saison 2008\/2009 Von Jens Lambracht Der Querfeldeinsport steht bei uns momentan wieder hoch im Kurs. Jessica, Bettina und ich fahren in dieser Saison die Rennen zum Weser-Ems Cup, sowie einige Rennen zum Deutschland Cup. Der Radsportbezirk Weser-Ems organisiert den gleichnamigen Cup nun mittlerweile zum 9. Mal&hellip;&nbsp;<a href=\"https:\/\/sprintax.de\/wordpress\/2008\/10\/29\/auftakt-der-cross-saison-08-09\/\" rel=\"bookmark\">Weiterlesen &raquo;<span class=\"screen-reader-text\">Auftakt der Cross-Saison 08\/09<\/span><\/a><\/p>\n","protected":false},"author":1,"featured_media":3854,"comment_status":"open","ping_status":"open","sticky":false,"template":"","format":"standard","meta":{"neve_meta_sidebar":"","neve_meta_container":"","neve_meta_enable_content_width":"","neve_meta_content_width":0,"neve_meta_title_alignment":"","neve_meta_author_avatar":"","neve_post_elements_order":"","neve_meta_disable_header":"","neve_meta_disable_footer":"","neve_meta_disable_title":"","footnotes":""},"categories":[530],"tags":[],"class_list":["post-3856","post","type-post","status-publish","format-standard","has-post-thumbnail","hentry","category-berichte-2008"],"_links":{"self":[{"href":"https:\/\/sprintax.de\/wordpress\/wp-json\/wp\/v2\/posts\/3856","targetHints":{"allow":["GET"]}}],"collection":[{"href":"https:\/\/sprintax.de\/wordpress\/wp-json\/wp\/v2\/posts"}],"about":[{"href":"https:\/\/sprintax.de\/wordpress\/wp-json\/wp\/v2\/types\/post"}],"author":[{"embeddable":true,"href":"https:\/\/sprintax.de\/wordpress\/wp-json\/wp\/v2\/users\/1"}],"replies":[{"embeddable":true,"href":"https:\/\/sprintax.de\/wordpress\/wp-json\/wp\/v2\/comments?post=3856"}],"version-history":[{"count":1,"href":"https:\/\/sprintax.de\/wordpress\/wp-json\/wp\/v2\/posts\/3856\/revisions"}],"predecessor-version":[{"id":5377,"href":"https:\/\/sprintax.de\/wordpress\/wp-json\/wp\/v2\/posts\/3856\/revisions\/5377"}],"wp:featuredmedia":[{"embeddable":true,"href":"https:\/\/sprintax.de\/wordpress\/wp-json\/wp\/v2\/media\/3854"}],"wp:attachment":[{"href":"https:\/\/sprintax.de\/wordpress\/wp-json\/wp\/v2\/media?parent=3856"}],"wp:term":[{"taxonomy":"category","embeddable":true,"href":"https:\/\/sprintax.de\/wordpress\/wp-json\/wp\/v2\/categories?post=3856"},{"taxonomy":"post_tag","embeddable":true,"href":"https:\/\/sprintax.de\/wordpress\/wp-json\/wp\/v2\/tags?post=3856"}],"curies":[{"name":"wp","href":"https:\/\/api.w.org\/{rel}","templated":true}]}}