{"id":3895,"date":"2008-07-08T16:31:00","date_gmt":"2008-07-08T14:31:00","guid":{"rendered":"https:\/\/sprintax.de\/wordpress\/2014\/06\/05\/2-etappe-2\/"},"modified":"2022-01-23T21:15:05","modified_gmt":"2022-01-23T20:15:05","slug":"2-etappe-2","status":"publish","type":"post","link":"https:\/\/sprintax.de\/wordpress\/2008\/07\/08\/2-etappe-2\/","title":{"rendered":"2. Etappe"},"content":{"rendered":"<p><strong>Dienstag, den 8. Juli 2008<\/strong><\/p>\n<p>Nachdem sich die Fahrer in Brixen durch die engen Gassen geschl\u00e4ngelt haben, beginnt der l\u00e4ngste Anstieg der Tour: 1.400 H\u00f6henmeter zum W\u00fcrzjoch. Der lange Bergweg wird immer mal wieder von einigen flachen Passagen unterbrochen. Ab jetzt befindet man sich in den Dolomiten. Nach einer kurvenreichen und anspruchsvollen Abfahrt ins Gadertal, f\u00fchrt die Strecke \u00fcber Olang zum 1.731 Meter hohen Furkelpass. Und der hat es in sich: bis zu 19 Prozent steile Rampen gilt es zu bezwingen. Daf\u00fcr sind die Ausblicke vom Pass in die Dolomiten spektakul\u00e4r. Bei der Fahrt runter nach St. Vigil ist bei den Bikern wieder Konzentration gefordert, es kommen viele enge Kehren.<\/p>\n<p>Das Bielefelder Sprintax Team mu\u00dfte heute die l\u00e4ngste Steigung bew\u00e4ltigen: 32 km aufw\u00e4rts zum W\u00fcrzjoch. Wer Dario und Thomas kennt, weiss: die beiden stecken so manches weg. Und w\u00e4hrend der Teil zum W\u00fcrzjoch noch ganz &#8222;gut zu fahren&#8220; war kommt selbst Thomas Sliwka der anschlie\u00dfende Teil zum Furkelpass im nachhinein etwas &#8222;anstrengend&#8220; vor bzw. mit seinen Worten: &#8220; Mehrere 19% Rampen &#8211; da brennen die Beine! Aber diesmal nur wenige Tropfen Regen, es wird endlich warm und sonnig.&#8220; Erwischt haben wir die beiden Bielefelder am Abend: &#8222;Wir stehen grad mal in der Pasta-Party-Schlange an, man gew\u00f6hnt sich dran. Auch die heutige \u00dcbernachtung bietet nicht nur Erholung f\u00fcr den K\u00f6rper, auch der Geist profitiert: Heute abend schlafen wir im Klassenzimmer einer Schule!&#8220; Na dann: Gute Nacht und einen erholsamen Schlaf! Nach 5:19 Stunden im Sattel liegen die beiden heute abend auf Platz 157 der Etappe. Genau einen Platz vor dem Team Ludewig \/ Kramer vom Team Lightweigth Felt. In der Gesamtwertung steht das Bielefelder Sprintax-Team heute auf Platz 146.<\/p>\n<p><img loading=\"lazy\" decoding=\"async\" class=\"alignnone size-full wp-image-3894\" src=\"https:\/\/sprintax.de\/wordpress\/wp-content\/uploads\/2014\/06\/transalp2.gif\" alt=\"Jeantex-Transalp\" width=\"507\" height=\"141\" \/><\/p>\n","protected":false},"excerpt":{"rendered":"<p>Dienstag, den 8. Juli 2008 Nachdem sich die Fahrer in Brixen durch die engen Gassen geschl\u00e4ngelt haben, beginnt der l\u00e4ngste Anstieg der Tour: 1.400 H\u00f6henmeter zum W\u00fcrzjoch. Der lange Bergweg wird immer mal wieder von einigen flachen Passagen unterbrochen. Ab jetzt befindet man sich in den Dolomiten. Nach einer kurvenreichen und anspruchsvollen Abfahrt ins Gadertal,&hellip;&nbsp;<a href=\"https:\/\/sprintax.de\/wordpress\/2008\/07\/08\/2-etappe-2\/\" rel=\"bookmark\">Weiterlesen &raquo;<span class=\"screen-reader-text\">2. Etappe<\/span><\/a><\/p>\n","protected":false},"author":1,"featured_media":3894,"comment_status":"open","ping_status":"open","sticky":false,"template":"","format":"standard","meta":{"neve_meta_sidebar":"","neve_meta_container":"","neve_meta_enable_content_width":"","neve_meta_content_width":0,"neve_meta_title_alignment":"","neve_meta_author_avatar":"","neve_post_elements_order":"","neve_meta_disable_header":"","neve_meta_disable_footer":"","neve_meta_disable_title":"","footnotes":""},"categories":[549],"tags":[],"class_list":["post-3895","post","type-post","status-publish","format-standard","has-post-thumbnail","hentry","category-6-jeantex-tour-transalp"],"_links":{"self":[{"href":"https:\/\/sprintax.de\/wordpress\/wp-json\/wp\/v2\/posts\/3895","targetHints":{"allow":["GET"]}}],"collection":[{"href":"https:\/\/sprintax.de\/wordpress\/wp-json\/wp\/v2\/posts"}],"about":[{"href":"https:\/\/sprintax.de\/wordpress\/wp-json\/wp\/v2\/types\/post"}],"author":[{"embeddable":true,"href":"https:\/\/sprintax.de\/wordpress\/wp-json\/wp\/v2\/users\/1"}],"replies":[{"embeddable":true,"href":"https:\/\/sprintax.de\/wordpress\/wp-json\/wp\/v2\/comments?post=3895"}],"version-history":[{"count":1,"href":"https:\/\/sprintax.de\/wordpress\/wp-json\/wp\/v2\/posts\/3895\/revisions"}],"predecessor-version":[{"id":5395,"href":"https:\/\/sprintax.de\/wordpress\/wp-json\/wp\/v2\/posts\/3895\/revisions\/5395"}],"wp:featuredmedia":[{"embeddable":true,"href":"https:\/\/sprintax.de\/wordpress\/wp-json\/wp\/v2\/media\/3894"}],"wp:attachment":[{"href":"https:\/\/sprintax.de\/wordpress\/wp-json\/wp\/v2\/media?parent=3895"}],"wp:term":[{"taxonomy":"category","embeddable":true,"href":"https:\/\/sprintax.de\/wordpress\/wp-json\/wp\/v2\/categories?post=3895"},{"taxonomy":"post_tag","embeddable":true,"href":"https:\/\/sprintax.de\/wordpress\/wp-json\/wp\/v2\/tags?post=3895"}],"curies":[{"name":"wp","href":"https:\/\/api.w.org\/{rel}","templated":true}]}}