{"id":3903,"date":"2008-07-12T16:36:00","date_gmt":"2008-07-12T14:36:00","guid":{"rendered":"https:\/\/sprintax.de\/wordpress\/2014\/06\/05\/6-etappe-2\/"},"modified":"2022-01-23T21:16:28","modified_gmt":"2022-01-23T20:16:28","slug":"6-etappe-2","status":"publish","type":"post","link":"https:\/\/sprintax.de\/wordpress\/2008\/07\/12\/6-etappe-2\/","title":{"rendered":"6. Etappe"},"content":{"rendered":"<p><strong>Samstag, den 12. Juli 2008<\/strong><\/p>\n<p>Nach sechs Bergetappen radeln die Teams heute ohne gr\u00f6\u00dfere Anstiege nach Bibione an der Adria. Von Feltre f\u00fchrt die Strecke immer leicht bergab in die N\u00e4he von Valdobbiadene. Weiter entlang der Fl\u00fcsschen Piave und Livenza durch die norditalienische Ebene. Jetzt k\u00f6nnen die Fahrer Windschatten fahren oder Ausrei\u00dfversuche starten. \u00dcber knapp 155 Kilometer geht es die 446 H\u00f6henmeter fast nur bergab bis in den gro\u00dfen Badeort Bibione. Das Ziel liegt auf der Piazza Zenith direkt am Strand. Den Sprung ins erfrischende Nass hat sich wohl jeder Fahrer verdient. In Bibione wird zum Abschluss eine Beachparty gefeiert, mit Siegerehrung und Finisher-Trikot-\u00dcbergabe.<\/p>\n<p>Das Rennen ist gelaufen. Bibione ist erreicht. Die Teams sind an der Adria. &#8222;Geschafft! Wir sind angekommen, sturz- und pannenfrei. Hitzeschlacht heute und grottenlangweilig, null Berge, nur Windschattenfahren und L\u00f6cher zufahren. In der gro\u00dfen Gruppe gab es einige St\u00fcrze. Unsere Bikes sind schon auf dem LKW und gleich ist Beach-Party !!! Schade, dass es schon vorbei ist, man ist so gerade warmgefahren&#8220; So lautet das Res\u00fcmee des heutigen Tages aus Sicht der beiden Bielefelder. Welchen Platz belegt das Team &#8222;Sprintax Bielefeld&#8220;? Bei der 7ten Etappe erreichen sie mit einer Zeit von 4:08.03,0 Std. und einem Schnitt von 37,177 km\/ h den 136. Platz bei den &#8222;Herren-Teams&#8220;. Das ist der 279. Platz \u00fcber alle Starter\/innen des heutigen Tages. Das schnellste Team fuhr in einer Zeit von 3:50.30,8 Std. Das entspricht einen Schnitt von 40,006 km\/h.<\/p>\n<p>Thomas und Dario ben\u00f6tigten f\u00fcr die 859 Kilometern eine Gesamtzeit von 36:11.30,3 Std. Damit stehen sie bei den &#8222;Herren-Teams&#8220; \u00fcber alles auf dem 144. Rang. Gerechnet \u00fcber alle Teams \u00fcber die 7 Etappen liegt Team &#8222;Sprintax Bielefeld&#8220; auf Platz 311.<\/p>\n<p>Herzlichen Gl\u00fcckwunsch!<\/p>\n<p><img loading=\"lazy\" decoding=\"async\" class=\"alignnone size-full wp-image-3902\" src=\"https:\/\/sprintax.de\/wordpress\/wp-content\/uploads\/2014\/06\/transalp6.gif\" alt=\"Jeantex-Transalp\" width=\"507\" height=\"58\" \/><\/p>\n","protected":false},"excerpt":{"rendered":"<p>Samstag, den 12. Juli 2008 Nach sechs Bergetappen radeln die Teams heute ohne gr\u00f6\u00dfere Anstiege nach Bibione an der Adria. Von Feltre f\u00fchrt die Strecke immer leicht bergab in die N\u00e4he von Valdobbiadene. Weiter entlang der Fl\u00fcsschen Piave und Livenza durch die norditalienische Ebene. Jetzt k\u00f6nnen die Fahrer Windschatten fahren oder Ausrei\u00dfversuche starten. \u00dcber knapp&hellip;&nbsp;<a href=\"https:\/\/sprintax.de\/wordpress\/2008\/07\/12\/6-etappe-2\/\" rel=\"bookmark\">Weiterlesen &raquo;<span class=\"screen-reader-text\">6. Etappe<\/span><\/a><\/p>\n","protected":false},"author":1,"featured_media":3902,"comment_status":"open","ping_status":"open","sticky":false,"template":"","format":"standard","meta":{"neve_meta_sidebar":"","neve_meta_container":"","neve_meta_enable_content_width":"","neve_meta_content_width":0,"neve_meta_title_alignment":"","neve_meta_author_avatar":"","neve_post_elements_order":"","neve_meta_disable_header":"","neve_meta_disable_footer":"","neve_meta_disable_title":"","footnotes":""},"categories":[549],"tags":[],"class_list":["post-3903","post","type-post","status-publish","format-standard","has-post-thumbnail","hentry","category-6-jeantex-tour-transalp"],"_links":{"self":[{"href":"https:\/\/sprintax.de\/wordpress\/wp-json\/wp\/v2\/posts\/3903","targetHints":{"allow":["GET"]}}],"collection":[{"href":"https:\/\/sprintax.de\/wordpress\/wp-json\/wp\/v2\/posts"}],"about":[{"href":"https:\/\/sprintax.de\/wordpress\/wp-json\/wp\/v2\/types\/post"}],"author":[{"embeddable":true,"href":"https:\/\/sprintax.de\/wordpress\/wp-json\/wp\/v2\/users\/1"}],"replies":[{"embeddable":true,"href":"https:\/\/sprintax.de\/wordpress\/wp-json\/wp\/v2\/comments?post=3903"}],"version-history":[{"count":2,"href":"https:\/\/sprintax.de\/wordpress\/wp-json\/wp\/v2\/posts\/3903\/revisions"}],"predecessor-version":[{"id":5397,"href":"https:\/\/sprintax.de\/wordpress\/wp-json\/wp\/v2\/posts\/3903\/revisions\/5397"}],"wp:featuredmedia":[{"embeddable":true,"href":"https:\/\/sprintax.de\/wordpress\/wp-json\/wp\/v2\/media\/3902"}],"wp:attachment":[{"href":"https:\/\/sprintax.de\/wordpress\/wp-json\/wp\/v2\/media?parent=3903"}],"wp:term":[{"taxonomy":"category","embeddable":true,"href":"https:\/\/sprintax.de\/wordpress\/wp-json\/wp\/v2\/categories?post=3903"},{"taxonomy":"post_tag","embeddable":true,"href":"https:\/\/sprintax.de\/wordpress\/wp-json\/wp\/v2\/tags?post=3903"}],"curies":[{"name":"wp","href":"https:\/\/api.w.org\/{rel}","templated":true}]}}