{"id":3957,"date":"2014-06-14T22:31:23","date_gmt":"2014-06-14T20:31:23","guid":{"rendered":"https:\/\/sprintax.de\/wordpress\/2014\/06\/14\/2-etappe-3\/"},"modified":"2014-06-14T22:31:23","modified_gmt":"2014-06-14T20:31:23","slug":"2-etappe-3","status":"publish","type":"post","link":"https:\/\/sprintax.de\/wordpress\/2014\/06\/14\/2-etappe-3\/","title":{"rendered":"2. Etappe"},"content":{"rendered":"<p><strong>2. Etappe: S\u00f6lden \u2013 Brixen (Montag, 25.06.12)<\/strong><\/p>\n<p><em>Auf zum h\u00f6chsten Pass der Tour:<\/em><br \/>Tag zwei beginnt gleich mit einem 1.300-H\u00f6henmeter-Anstieg zum h\u00f6chsten Pass der Schwalbe-TOUR-Transalp powered by Sigma 2012, dem Timmelsjoch mit 2.509 Meter H\u00f6he. So schwer dieser wellige und lange Anstieg ist, so atemberaubend ist aber auch das Panorama &#8211; oft s\u00e4umen auch im Juni noch meterhohe Schneew\u00e4nde die gewundene Stra\u00dfe bevor sie an der Grenze zu S\u00fcdtirol einen traumhaften Blick in die Texel-Gruppe freigibt. Auf dem Timmelsjoch befindet sich die erste Verpflegungsstation, an der man das Panorama genie\u00dfen kann. Die Abfahrt<br \/>allerdings hat es in sich: In vielen engen Kehren schl\u00e4ngelt sich die Strecke hinunter nach St. Leonhard in Passeier. Sie ist eines der fahrtechnisch anspruchsvollsten Teilst\u00fccke der TOUR-Transalp 2012. Der nun folgende Jaufenpass bietet im Gegensatz zum Timmelsjoch einen angenehmen, gleichbleibenden Anstieg, ist mit 1.400 Metern H\u00f6henunterschied auf rund 20 Kilometern aber nicht zu untersch\u00e4tzen. Von Sterzing geht es durchs Eisacktal immer leicht bergab. Um jedoch die Hauptverkehrsstra\u00dfen vor der Domstadt Brixen zu vermeiden, m\u00fcssen die Teilnehmer am Schluss nochmal einen fiesen, kurzen Anstieg nach Schabs bew\u00e4ltigen. Auf dem Domplatz im Zentrum von Brixen warten dann die schmucken Stra\u00dfencaf\u00e9s mit duftendem Cappucino.<\/p>\n<p><strong>Nach der 2. Etappe &#8230;<\/strong><\/p>\n<p>Wechselhaftes Wetter auf der zweiten Etappe der Schwalbe-TOUR-Transalp powered by Sigma stellte die Teilnehmer vor echte Herausforderungen.<\/p>\n<p>Tag Zwei von Europas spektakul\u00e4rstem Rennrad-Etappenrennen f\u00fcr Jederm\u00e4nner startete heute mit Regen in S\u00f6lden, endete aber mit strahlendem Sonnenschein und Temperaturen um die 28 Grad im italienische Brixen.<\/p>\n<p><strong>&#8222;Sind trotz nassen Abfahrten alle heile durchgekommen. War zum Gl\u00fcck nicht so f\u00fcrchterlich kalt am Timmeljoch. Platzierungen gefestigt. Morgen Pl\u00e4tze defensiv verteidigen, \u00fcbermorgen Angriff. Das Nachwuchsteam schl\u00e4gt sich tapfer.&#8220;<\/strong><\/p>\n<p>So schreibt uns Dario.<\/p>\n<table border=\"0\">\n<tbody>\n<tr>\n<td>&nbsp;<\/td>\n<td colspan=\"2\"><strong>RC Sprintax Bielefeld 1 &nbsp;&nbsp;<\/strong><\/td>\n<td colspan=\"2\"><strong><span style=\"line-height: normal;\">RC Sprintax Bielefeld 2<\/span><\/strong><\/td>\n<\/tr>\n<tr>\n<td>&nbsp;<\/td>\n<td style=\"text-align: center; background-color: #aa8888;\" colspan=\"2\"><span style=\"line-height: normal;\">Rang<\/span><\/td>\n<td style=\"text-align: center; background-color: #aa8888;\" colspan=\"2\"><span style=\"line-height: normal;\">Rang<\/span><\/td>\n<\/tr>\n<tr>\n<td>&nbsp;<\/td>\n<td style=\"text-align: center; background-color: #aa8888;\"><span style=\"line-height: normal;\">AK<\/span><\/td>\n<td style=\"text-align: center; background-color: #aa8888;\"><span style=\"line-height: normal;\">Gesamt<\/span><\/td>\n<td style=\"text-align: center; background-color: #aa8888;\"><span style=\"line-height: normal;\">AK<\/span><\/td>\n<td style=\"text-align: center; background-color: #aa8888;\"><span style=\"line-height: normal;\">Gesamt<\/span><\/td>\n<\/tr>\n<tr>\n<td><span style=\"line-height: normal;\">So. 24.06.2012<\/span><\/td>\n<td style=\"text-align: center;\"><span style=\"line-height: normal;\">25<\/span><\/td>\n<td style=\"text-align: center;\"><span style=\"line-height: normal;\">48<\/span><\/td>\n<td style=\"text-align: center;\"><span style=\"line-height: normal;\">61<\/span><\/td>\n<td style=\"text-align: center;\"><span style=\"line-height: normal;\">377<\/span><\/td>\n<\/tr>\n<tr>\n<td><span style=\"line-height: normal;\">Mo. 25.06.2012<\/span><\/td>\n<td style=\"text-align: center;\"><span style=\"line-height: normal;\">28<\/span><\/td>\n<td style=\"text-align: center;\"><span style=\"line-height: normal;\">45<\/span><\/td>\n<td style=\"text-align: center;\"><span style=\"line-height: normal;\">62<\/span><\/td>\n<td style=\"text-align: center;\"><span style=\"line-height: normal;\">395<\/span><\/td>\n<\/tr>\n<\/tbody>\n<\/table>\n","protected":false},"excerpt":{"rendered":"<p>2. Etappe: S\u00f6lden \u2013 Brixen (Montag, 25.06.12) Auf zum h\u00f6chsten Pass der Tour:Tag zwei beginnt gleich mit einem 1.300-H\u00f6henmeter-Anstieg zum h\u00f6chsten Pass der Schwalbe-TOUR-Transalp powered by Sigma 2012, dem Timmelsjoch mit 2.509 Meter H\u00f6he. So schwer dieser wellige und lange Anstieg ist, so atemberaubend ist aber auch das Panorama &#8211; oft s\u00e4umen auch im Juni&hellip;&nbsp;<a href=\"https:\/\/sprintax.de\/wordpress\/2014\/06\/14\/2-etappe-3\/\" rel=\"bookmark\">Weiterlesen &raquo;<span class=\"screen-reader-text\">2. Etappe<\/span><\/a><\/p>\n","protected":false},"author":1,"featured_media":3956,"comment_status":"open","ping_status":"open","sticky":false,"template":"","format":"standard","meta":{"neve_meta_sidebar":"","neve_meta_container":"","neve_meta_enable_content_width":"","neve_meta_content_width":0,"neve_meta_title_alignment":"","neve_meta_author_avatar":"","neve_post_elements_order":"","neve_meta_disable_header":"","neve_meta_disable_footer":"","neve_meta_disable_title":"","footnotes":""},"categories":[551],"tags":[],"class_list":["post-3957","post","type-post","status-publish","format-standard","has-post-thumbnail","hentry","category-tour-transalp-2012"],"_links":{"self":[{"href":"https:\/\/sprintax.de\/wordpress\/wp-json\/wp\/v2\/posts\/3957","targetHints":{"allow":["GET"]}}],"collection":[{"href":"https:\/\/sprintax.de\/wordpress\/wp-json\/wp\/v2\/posts"}],"about":[{"href":"https:\/\/sprintax.de\/wordpress\/wp-json\/wp\/v2\/types\/post"}],"author":[{"embeddable":true,"href":"https:\/\/sprintax.de\/wordpress\/wp-json\/wp\/v2\/users\/1"}],"replies":[{"embeddable":true,"href":"https:\/\/sprintax.de\/wordpress\/wp-json\/wp\/v2\/comments?post=3957"}],"version-history":[{"count":0,"href":"https:\/\/sprintax.de\/wordpress\/wp-json\/wp\/v2\/posts\/3957\/revisions"}],"wp:featuredmedia":[{"embeddable":true,"href":"https:\/\/sprintax.de\/wordpress\/wp-json\/wp\/v2\/media\/3956"}],"wp:attachment":[{"href":"https:\/\/sprintax.de\/wordpress\/wp-json\/wp\/v2\/media?parent=3957"}],"wp:term":[{"taxonomy":"category","embeddable":true,"href":"https:\/\/sprintax.de\/wordpress\/wp-json\/wp\/v2\/categories?post=3957"},{"taxonomy":"post_tag","embeddable":true,"href":"https:\/\/sprintax.de\/wordpress\/wp-json\/wp\/v2\/tags?post=3957"}],"curies":[{"name":"wp","href":"https:\/\/api.w.org\/{rel}","templated":true}]}}